{"id":13773,"date":"2025-11-28T12:20:33","date_gmt":"2025-11-28T12:20:33","guid":{"rendered":"https:\/\/colegiosanlorenzo.cl\/?p=13773"},"modified":"2025-12-09T15:45:51","modified_gmt":"2025-12-09T15:45:51","slug":"uda-participa-en-la-semana-de-la-historia-del-colegio-san-lorenzo-con-destacada-muestra-de-patrimonio-regional","status":"publish","type":"post","link":"https:\/\/colegiosanlorenzo.cl\/index.php\/2025\/11\/28\/uda-participa-en-la-semana-de-la-historia-del-colegio-san-lorenzo-con-destacada-muestra-de-patrimonio-regional\/","title":{"rendered":"UDA participa en la Semana de la Historia del Colegio San Lorenzo con destacada muestra de patrimonio regional"},"content":{"rendered":"\t\t<div data-elementor-type=\"wp-post\" data-elementor-id=\"13773\" class=\"elementor elementor-13773\" data-elementor-post-type=\"post\">\n\t\t\t\t\t\t<section class=\"elementor-section elementor-top-section elementor-element elementor-element-ca4601d elementor-section-boxed elementor-section-height-default elementor-section-height-default\" data-id=\"ca4601d\" data-element_type=\"section\">\n\t\t\t\t\t\t<div class=\"elementor-container elementor-column-gap-default\">\n\t\t\t\t\t<div class=\"elementor-column elementor-col-100 elementor-top-column elementor-element elementor-element-2bbb9b2\" data-id=\"2bbb9b2\" data-element_type=\"column\">\n\t\t\t<div class=\"elementor-widget-wrap elementor-element-populated\">\n\t\t\t\t\t\t<div class=\"elementor-element elementor-element-d873772 elementor-widget elementor-widget-text-editor\" data-id=\"d873772\" data-element_type=\"widget\" data-widget_type=\"text-editor.default\">\n\t\t\t\t<div class=\"elementor-widget-container\">\n\t\t\t\t\t\t\t\t\t<p style=\"text-align: left;\">En el marco de la Semana de la Historia del Colegio San Lorenzo, nuestra casa de estudios superiores llev\u00f3 a cabo una significativa colaboraci\u00f3n, que permiti\u00f3 acercar a estudiantes, docentes y funcionarios a una valiosa muestra de filatelia, numism\u00e1tica y patrimonio art\u00edstico regional.\u00a0<\/p><p style=\"text-align: left;\"><span style=\"font-style: inherit; font-weight: inherit;\">La actividad se desarroll\u00f3 en el patio del establecimiento, donde las y los asistentes pudieron conocer de forma directa elementos hist\u00f3ricos fundamentales para la comprensi\u00f3n de la identidad regional y nacional.<\/span><\/p><p style=\"text-align: left;\"><span style=\"font-style: inherit; font-weight: inherit;\">Rigoberto Valladares Romero, jefe del Departamento de Historia, Geograf\u00eda y Ciencias Sociales del Colegio San Lorenzo, destac\u00f3 la relevancia de estas instancias:\u00a0<\/span><span style=\"font-style: inherit; font-weight: inherit;\">\u00abEstamos celebrando el D\u00eda de Atacama con una Semana de la Historia, donde realizamos actividades relacionadas con la historia local. Es sumamente importante que nuestros estudiantes puedan ver en persona estas colecciones, porque la numism\u00e1tica y la filatelia son formas de poder representar la historia que tenemos nosotros como pa\u00eds y como regi\u00f3n. Nuestra regi\u00f3n de Atacama, desde las revoluciones constituyentes ha aportado much\u00edsimo a nuestro pa\u00eds.\u201d<\/span><\/p><p>Aporte acad\u00e9mico y formativo de la Universidad de Atacama<\/p><p>Pedro Tapia Gallardo, asesor pedag\u00f3gico del Centro de Armonizaci\u00f3n Curricular y Desarrollo Docente de la UDA, valor\u00f3 la instancia como una oportunidad de vinculaci\u00f3n significativa:<\/p><p><span style=\"font-style: inherit; font-weight: inherit;\">\u201cLa Universidad de Atacama presenta una muestra alusiva a la historia del derecho, con personajes relevantes desde el siglo XIX al XXI. A trav\u00e9s de esta exposici\u00f3n buscamos mostrar la evoluci\u00f3n de la historia de Chile.\u201d<\/span><\/p><p><span style=\"font-style: inherit; font-weight: inherit;\">Tapia agreg\u00f3 que monedas, billetes y sellos permiten observar la trayectoria del pa\u00eds desde la colonia hasta el siglo XX, mostrando reyes, emblemas independentistas y figuras como Manuel Rodr\u00edguez, Balmaceda, Bernardo O\u2019Higgins o Arturo Prat.<\/span><\/p><p><span style=\"font-style: inherit; font-weight: inherit;\">La actividad tambi\u00e9n cont\u00f3 con la presencia de estudiantes de primer y tercer a\u00f1o de la carrera de Derecho. Vicente Flores, alumno de primer a\u00f1o, relev\u00f3 el car\u00e1cter did\u00e1ctico de la jornada: \u201cEstamos mostrando billetes, sellos y monedas patrimoniales, explicando la importancia hist\u00f3rica de figuras como Arturo Prat o An\u00edbal Pinto. La idea es que los ni\u00f1os aprendan de forma did\u00e1ctica, con actividades como Kahoot y premios. Queremos mostrarles que la historia de Chile est\u00e1 profundamente ligada al derecho.\u201d<\/span><\/p><p><span style=\"font-style: inherit; font-weight: inherit;\">Por otra parte, Ignacio Flores Monroy, estudiante del Colegio san Lorenzo y parte de la asociaci\u00f3n de coleccionistas, llev\u00f3 su propio surtido de monedas emblem\u00e1ticas y particip\u00f3 activamente instruyendo a sus compa\u00f1eros.<\/span><\/p>\t\t\t\t\t\t\t\t<\/div>\n\t\t\t\t<\/div>\n\t\t\t\t\t<\/div>\n\t\t<\/div>\n\t\t\t\t\t<\/div>\n\t\t<\/section>\n\t\t\t\t<section class=\"elementor-section elementor-top-section elementor-element elementor-element-924218f elementor-section-boxed elementor-section-height-default elementor-section-height-default\" data-id=\"924218f\" data-element_type=\"section\">\n\t\t\t\t\t\t<div class=\"elementor-container elementor-column-gap-default\">\n\t\t\t\t\t<div class=\"elementor-column elementor-col-100 elementor-top-column elementor-element elementor-element-3572268\" data-id=\"3572268\" data-element_type=\"column\">\n\t\t\t<div class=\"elementor-widget-wrap elementor-element-populated\">\n\t\t\t\t\t\t<div class=\"elementor-element elementor-element-0f10609 elementor-widget elementor-widget-image\" data-id=\"0f10609\" data-element_type=\"widget\" data-widget_type=\"image.default\">\n\t\t\t\t<div class=\"elementor-widget-container\">\n\t\t\t\t\t\t\t\t\t\t\t\t\t\t\t<img fetchpriority=\"high\" decoding=\"async\" width=\"1024\" height=\"683\" src=\"https:\/\/i0.wp.com\/colegiosanlorenzo.cl\/wp-content\/uploads\/2025\/11\/DSC_0496-scaled-1.jpg?fit=1024%2C683&amp;ssl=1\" class=\"attachment-large size-large wp-image-13776\" alt=\"\" srcset=\"https:\/\/i0.wp.com\/colegiosanlorenzo.cl\/wp-content\/uploads\/2025\/11\/DSC_0496-scaled-1.jpg?w=2560&amp;ssl=1 2560w, https:\/\/i0.wp.com\/colegiosanlorenzo.cl\/wp-content\/uploads\/2025\/11\/DSC_0496-scaled-1.jpg?resize=300%2C200&amp;ssl=1 300w, https:\/\/i0.wp.com\/colegiosanlorenzo.cl\/wp-content\/uploads\/2025\/11\/DSC_0496-scaled-1.jpg?resize=1024%2C683&amp;ssl=1 1024w, https:\/\/i0.wp.com\/colegiosanlorenzo.cl\/wp-content\/uploads\/2025\/11\/DSC_0496-scaled-1.jpg?resize=768%2C512&amp;ssl=1 768w, https:\/\/i0.wp.com\/colegiosanlorenzo.cl\/wp-content\/uploads\/2025\/11\/DSC_0496-scaled-1.jpg?resize=1536%2C1024&amp;ssl=1 1536w, https:\/\/i0.wp.com\/colegiosanlorenzo.cl\/wp-content\/uploads\/2025\/11\/DSC_0496-scaled-1.jpg?resize=2048%2C1366&amp;ssl=1 2048w\" sizes=\"(max-width: 1000px) 100vw, 1000px\" \/>\t\t\t\t\t\t\t\t\t\t\t\t\t\t\t<\/div>\n\t\t\t\t<\/div>\n\t\t\t\t<div class=\"elementor-element elementor-element-8dbf13d elementor-widget elementor-widget-image\" data-id=\"8dbf13d\" data-element_type=\"widget\" data-widget_type=\"image.default\">\n\t\t\t\t<div class=\"elementor-widget-container\">\n\t\t\t\t\t\t\t\t\t\t\t\t\t\t\t<img decoding=\"async\" width=\"1024\" height=\"683\" src=\"https:\/\/i0.wp.com\/colegiosanlorenzo.cl\/wp-content\/uploads\/2025\/11\/DSC_0475-scaled-1.jpg?fit=1024%2C683&amp;ssl=1\" class=\"attachment-large size-large wp-image-13777\" alt=\"\" srcset=\"https:\/\/i0.wp.com\/colegiosanlorenzo.cl\/wp-content\/uploads\/2025\/11\/DSC_0475-scaled-1.jpg?w=2560&amp;ssl=1 2560w, https:\/\/i0.wp.com\/colegiosanlorenzo.cl\/wp-content\/uploads\/2025\/11\/DSC_0475-scaled-1.jpg?resize=300%2C200&amp;ssl=1 300w, https:\/\/i0.wp.com\/colegiosanlorenzo.cl\/wp-content\/uploads\/2025\/11\/DSC_0475-scaled-1.jpg?resize=1024%2C683&amp;ssl=1 1024w, https:\/\/i0.wp.com\/colegiosanlorenzo.cl\/wp-content\/uploads\/2025\/11\/DSC_0475-scaled-1.jpg?resize=768%2C512&amp;ssl=1 768w, https:\/\/i0.wp.com\/colegiosanlorenzo.cl\/wp-content\/uploads\/2025\/11\/DSC_0475-scaled-1.jpg?resize=1536%2C1024&amp;ssl=1 1536w, https:\/\/i0.wp.com\/colegiosanlorenzo.cl\/wp-content\/uploads\/2025\/11\/DSC_0475-scaled-1.jpg?resize=2048%2C1366&amp;ssl=1 2048w\" sizes=\"(max-width: 1000px) 100vw, 1000px\" \/>\t\t\t\t\t\t\t\t\t\t\t\t\t\t\t<\/div>\n\t\t\t\t<\/div>\n\t\t\t\t<div class=\"elementor-element elementor-element-6111ab5 elementor-widget elementor-widget-image\" data-id=\"6111ab5\" data-element_type=\"widget\" data-widget_type=\"image.default\">\n\t\t\t\t<div class=\"elementor-widget-container\">\n\t\t\t\t\t\t\t\t\t\t\t\t\t\t\t<img decoding=\"async\" width=\"1024\" height=\"683\" src=\"https:\/\/i0.wp.com\/colegiosanlorenzo.cl\/wp-content\/uploads\/2025\/11\/DSC_0445-scaled-1.jpg?fit=1024%2C683&amp;ssl=1\" class=\"attachment-large size-large wp-image-13778\" alt=\"\" srcset=\"https:\/\/i0.wp.com\/colegiosanlorenzo.cl\/wp-content\/uploads\/2025\/11\/DSC_0445-scaled-1.jpg?w=2560&amp;ssl=1 2560w, https:\/\/i0.wp.com\/colegiosanlorenzo.cl\/wp-content\/uploads\/2025\/11\/DSC_0445-scaled-1.jpg?resize=300%2C200&amp;ssl=1 300w, https:\/\/i0.wp.com\/colegiosanlorenzo.cl\/wp-content\/uploads\/2025\/11\/DSC_0445-scaled-1.jpg?resize=1024%2C683&amp;ssl=1 1024w, https:\/\/i0.wp.com\/colegiosanlorenzo.cl\/wp-content\/uploads\/2025\/11\/DSC_0445-scaled-1.jpg?resize=768%2C512&amp;ssl=1 768w, https:\/\/i0.wp.com\/colegiosanlorenzo.cl\/wp-content\/uploads\/2025\/11\/DSC_0445-scaled-1.jpg?resize=1536%2C1024&amp;ssl=1 1536w, https:\/\/i0.wp.com\/colegiosanlorenzo.cl\/wp-content\/uploads\/2025\/11\/DSC_0445-scaled-1.jpg?resize=2048%2C1366&amp;ssl=1 2048w\" sizes=\"(max-width: 1000px) 100vw, 1000px\" \/>\t\t\t\t\t\t\t\t\t\t\t\t\t\t\t<\/div>\n\t\t\t\t<\/div>\n\t\t\t\t<div class=\"elementor-element elementor-element-a4d3fc8 elementor-widget elementor-widget-image\" data-id=\"a4d3fc8\" data-element_type=\"widget\" data-widget_type=\"image.default\">\n\t\t\t\t<div class=\"elementor-widget-container\">\n\t\t\t\t\t\t\t\t\t\t\t\t\t\t\t<img loading=\"lazy\" decoding=\"async\" width=\"1024\" height=\"683\" src=\"https:\/\/i0.wp.com\/colegiosanlorenzo.cl\/wp-content\/uploads\/2025\/11\/IMG_1772-scaled.jpg?fit=1024%2C683&amp;ssl=1\" class=\"attachment-large size-large wp-image-13779\" alt=\"\" srcset=\"https:\/\/i0.wp.com\/colegiosanlorenzo.cl\/wp-content\/uploads\/2025\/11\/IMG_1772-scaled.jpg?w=2560&amp;ssl=1 2560w, https:\/\/i0.wp.com\/colegiosanlorenzo.cl\/wp-content\/uploads\/2025\/11\/IMG_1772-scaled.jpg?resize=300%2C200&amp;ssl=1 300w, https:\/\/i0.wp.com\/colegiosanlorenzo.cl\/wp-content\/uploads\/2025\/11\/IMG_1772-scaled.jpg?resize=1024%2C683&amp;ssl=1 1024w, https:\/\/i0.wp.com\/colegiosanlorenzo.cl\/wp-content\/uploads\/2025\/11\/IMG_1772-scaled.jpg?resize=768%2C512&amp;ssl=1 768w, https:\/\/i0.wp.com\/colegiosanlorenzo.cl\/wp-content\/uploads\/2025\/11\/IMG_1772-scaled.jpg?resize=1536%2C1024&amp;ssl=1 1536w, https:\/\/i0.wp.com\/colegiosanlorenzo.cl\/wp-content\/uploads\/2025\/11\/IMG_1772-scaled.jpg?resize=2048%2C1365&amp;ssl=1 2048w\" sizes=\"(max-width: 1000px) 100vw, 1000px\" \/>\t\t\t\t\t\t\t\t\t\t\t\t\t\t\t<\/div>\n\t\t\t\t<\/div>\n\t\t\t\t<div class=\"elementor-element elementor-element-dc4a8d0 elementor-widget elementor-widget-image\" data-id=\"dc4a8d0\" data-element_type=\"widget\" data-widget_type=\"image.default\">\n\t\t\t\t<div class=\"elementor-widget-container\">\n\t\t\t\t\t\t\t\t\t\t\t\t\t\t\t<img loading=\"lazy\" decoding=\"async\" width=\"1024\" height=\"683\" src=\"https:\/\/i0.wp.com\/colegiosanlorenzo.cl\/wp-content\/uploads\/2025\/11\/DSC_0487-scaled-1.jpg?fit=1024%2C683&amp;ssl=1\" class=\"attachment-large size-large wp-image-13781\" alt=\"\" srcset=\"https:\/\/i0.wp.com\/colegiosanlorenzo.cl\/wp-content\/uploads\/2025\/11\/DSC_0487-scaled-1.jpg?w=2560&amp;ssl=1 2560w, https:\/\/i0.wp.com\/colegiosanlorenzo.cl\/wp-content\/uploads\/2025\/11\/DSC_0487-scaled-1.jpg?resize=300%2C200&amp;ssl=1 300w, https:\/\/i0.wp.com\/colegiosanlorenzo.cl\/wp-content\/uploads\/2025\/11\/DSC_0487-scaled-1.jpg?resize=1024%2C683&amp;ssl=1 1024w, https:\/\/i0.wp.com\/colegiosanlorenzo.cl\/wp-content\/uploads\/2025\/11\/DSC_0487-scaled-1.jpg?resize=768%2C512&amp;ssl=1 768w, https:\/\/i0.wp.com\/colegiosanlorenzo.cl\/wp-content\/uploads\/2025\/11\/DSC_0487-scaled-1.jpg?resize=1536%2C1024&amp;ssl=1 1536w, https:\/\/i0.wp.com\/colegiosanlorenzo.cl\/wp-content\/uploads\/2025\/11\/DSC_0487-scaled-1.jpg?resize=2048%2C1366&amp;ssl=1 2048w\" sizes=\"(max-width: 1000px) 100vw, 1000px\" \/>\t\t\t\t\t\t\t\t\t\t\t\t\t\t\t<\/div>\n\t\t\t\t<\/div>\n\t\t\t\t\t<\/div>\n\t\t<\/div>\n\t\t\t\t\t<\/div>\n\t\t<\/section>\n\t\t\t\t<\/div>\n\t\t","protected":false},"excerpt":{"rendered":"<p>En el marco de la Semana de la Historia del Colegio San Lorenzo, nuestra casa de estudios superiores llev\u00f3 a cabo una significativa colaboraci\u00f3n, que permiti\u00f3 acercar a estudiantes, docentes y funcionarios a una valiosa muestra de filatelia, numism\u00e1tica y patrimonio art\u00edstico regional.\u00a0 La actividad se desarroll\u00f3 en el patio del establecimiento, donde las y &hellip;<\/p>\n<p class=\"read-more\"> <a class=\"\" href=\"https:\/\/colegiosanlorenzo.cl\/index.php\/2025\/11\/28\/uda-participa-en-la-semana-de-la-historia-del-colegio-san-lorenzo-con-destacada-muestra-de-patrimonio-regional\/\"> <span class=\"screen-reader-text\">UDA participa en la Semana de la Historia del Colegio San Lorenzo con destacada muestra de patrimonio regional<\/span> Leer m\u00e1s \u00bb<\/a><\/p>\n","protected":false},"author":5,"featured_media":13774,"comment_status":"closed","ping_status":"closed","sticky":false,"template":"","format":"standard","meta":{"site-sidebar-layout":"default","site-content-layout":"","ast-site-content-layout":"default","site-content-style":"default","site-sidebar-style":"default","ast-global-header-display":"","ast-banner-title-visibility":"","ast-main-header-display":"","ast-hfb-above-header-display":"","ast-hfb-below-header-display":"","ast-hfb-mobile-header-display":"","site-post-title":"","ast-breadcrumbs-content":"","ast-featured-img":"","footer-sml-layout":"","theme-transparent-header-meta":"","adv-header-id-meta":"","stick-header-meta":"","header-above-stick-meta":"","header-main-stick-meta":"","header-below-stick-meta":"","astra-migrate-meta-layouts":"set","_jetpack_memberships_contains_paid_content":false,"footnotes":""},"categories":[50,10],"tags":[],"class_list":["post-13773","post","type-post","status-publish","format-standard","has-post-thumbnail","hentry","category-cifc","category-noticias"],"yoast_head":"<!-- This site is optimized with the Yoast SEO plugin v23.9 - https:\/\/yoast.com\/wordpress\/plugins\/seo\/ -->\n<title>UDA participa en la Semana de la Historia del Colegio San Lorenzo con destacada muestra de patrimonio regional - colegiosanlorenzo.cl<\/title>\n<meta name=\"robots\" content=\"index, follow, max-snippet:-1, max-image-preview:large, max-video-preview:-1\" \/>\n<link rel=\"canonical\" href=\"https:\/\/colegiosanlorenzo.cl\/index.php\/2025\/11\/28\/uda-participa-en-la-semana-de-la-historia-del-colegio-san-lorenzo-con-destacada-muestra-de-patrimonio-regional\/\" \/>\n<meta property=\"og:locale\" content=\"es_ES\" \/>\n<meta property=\"og:type\" content=\"article\" \/>\n<meta property=\"og:title\" content=\"UDA participa en la Semana de la Historia del Colegio San Lorenzo con destacada muestra de patrimonio regional - colegiosanlorenzo.cl\" \/>\n<meta property=\"og:description\" content=\"En el marco de la Semana de la Historia del Colegio San Lorenzo, nuestra casa de estudios superiores llev\u00f3 a cabo una significativa colaboraci\u00f3n, que permiti\u00f3 acercar a estudiantes, docentes y funcionarios a una valiosa muestra de filatelia, numism\u00e1tica y patrimonio art\u00edstico regional.\u00a0 La actividad se desarroll\u00f3 en el patio del establecimiento, donde las y &hellip; UDA participa en la Semana de la Historia del Colegio San Lorenzo con destacada muestra de patrimonio regional Leer m\u00e1s \u00bb\" \/>\n<meta property=\"og:url\" content=\"https:\/\/colegiosanlorenzo.cl\/index.php\/2025\/11\/28\/uda-participa-en-la-semana-de-la-historia-del-colegio-san-lorenzo-con-destacada-muestra-de-patrimonio-regional\/\" \/>\n<meta property=\"og:site_name\" content=\"colegiosanlorenzo.cl\" \/>\n<meta property=\"article:published_time\" content=\"2025-11-28T12:20:33+00:00\" \/>\n<meta property=\"article:modified_time\" content=\"2025-12-09T15:45:51+00:00\" \/>\n<meta property=\"og:image\" content=\"https:\/\/colegiosanlorenzo.cl\/wp-content\/uploads\/2025\/11\/DSC_0525-scaled-1.jpg\" \/>\n\t<meta property=\"og:image:width\" content=\"2560\" \/>\n\t<meta property=\"og:image:height\" content=\"1707\" \/>\n\t<meta property=\"og:image:type\" content=\"image\/jpeg\" \/>\n<meta name=\"author\" content=\"Colegio San Lorenzo\" \/>\n<meta name=\"twitter:card\" content=\"summary_large_image\" \/>\n<meta name=\"twitter:label1\" content=\"Escrito por\" \/>\n\t<meta name=\"twitter:data1\" content=\"Colegio San Lorenzo\" \/>\n\t<meta name=\"twitter:label2\" content=\"Tiempo de lectura\" \/>\n\t<meta name=\"twitter:data2\" content=\"3 minutos\" \/>\n<script type=\"application\/ld+json\" class=\"yoast-schema-graph\">{\"@context\":\"https:\/\/schema.org\",\"@graph\":[{\"@type\":\"Article\",\"@id\":\"https:\/\/colegiosanlorenzo.cl\/index.php\/2025\/11\/28\/uda-participa-en-la-semana-de-la-historia-del-colegio-san-lorenzo-con-destacada-muestra-de-patrimonio-regional\/#article\",\"isPartOf\":{\"@id\":\"https:\/\/colegiosanlorenzo.cl\/index.php\/2025\/11\/28\/uda-participa-en-la-semana-de-la-historia-del-colegio-san-lorenzo-con-destacada-muestra-de-patrimonio-regional\/\"},\"author\":{\"name\":\"Colegio San Lorenzo\",\"@id\":\"https:\/\/colegiosanlorenzo.cl\/#\/schema\/person\/d2249737c9fea8f9242775704142d998\"},\"headline\":\"UDA participa en la Semana de la Historia del Colegio San Lorenzo con destacada muestra de patrimonio regional\",\"datePublished\":\"2025-11-28T12:20:33+00:00\",\"dateModified\":\"2025-12-09T15:45:51+00:00\",\"mainEntityOfPage\":{\"@id\":\"https:\/\/colegiosanlorenzo.cl\/index.php\/2025\/11\/28\/uda-participa-en-la-semana-de-la-historia-del-colegio-san-lorenzo-con-destacada-muestra-de-patrimonio-regional\/\"},\"wordCount\":432,\"publisher\":{\"@id\":\"https:\/\/colegiosanlorenzo.cl\/#organization\"},\"image\":{\"@id\":\"https:\/\/colegiosanlorenzo.cl\/index.php\/2025\/11\/28\/uda-participa-en-la-semana-de-la-historia-del-colegio-san-lorenzo-con-destacada-muestra-de-patrimonio-regional\/#primaryimage\"},\"thumbnailUrl\":\"https:\/\/i0.wp.com\/colegiosanlorenzo.cl\/wp-content\/uploads\/2025\/11\/DSC_0525-scaled-1.jpg?fit=2560%2C1707&ssl=1\",\"articleSection\":[\"CIFC\",\"Noticias\"],\"inLanguage\":\"es\"},{\"@type\":\"WebPage\",\"@id\":\"https:\/\/colegiosanlorenzo.cl\/index.php\/2025\/11\/28\/uda-participa-en-la-semana-de-la-historia-del-colegio-san-lorenzo-con-destacada-muestra-de-patrimonio-regional\/\",\"url\":\"https:\/\/colegiosanlorenzo.cl\/index.php\/2025\/11\/28\/uda-participa-en-la-semana-de-la-historia-del-colegio-san-lorenzo-con-destacada-muestra-de-patrimonio-regional\/\",\"name\":\"UDA participa en la Semana de la Historia del Colegio San Lorenzo con destacada muestra de patrimonio regional - colegiosanlorenzo.cl\",\"isPartOf\":{\"@id\":\"https:\/\/colegiosanlorenzo.cl\/#website\"},\"primaryImageOfPage\":{\"@id\":\"https:\/\/colegiosanlorenzo.cl\/index.php\/2025\/11\/28\/uda-participa-en-la-semana-de-la-historia-del-colegio-san-lorenzo-con-destacada-muestra-de-patrimonio-regional\/#primaryimage\"},\"image\":{\"@id\":\"https:\/\/colegiosanlorenzo.cl\/index.php\/2025\/11\/28\/uda-participa-en-la-semana-de-la-historia-del-colegio-san-lorenzo-con-destacada-muestra-de-patrimonio-regional\/#primaryimage\"},\"thumbnailUrl\":\"https:\/\/i0.wp.com\/colegiosanlorenzo.cl\/wp-content\/uploads\/2025\/11\/DSC_0525-scaled-1.jpg?fit=2560%2C1707&ssl=1\",\"datePublished\":\"2025-11-28T12:20:33+00:00\",\"dateModified\":\"2025-12-09T15:45:51+00:00\",\"breadcrumb\":{\"@id\":\"https:\/\/colegiosanlorenzo.cl\/index.php\/2025\/11\/28\/uda-participa-en-la-semana-de-la-historia-del-colegio-san-lorenzo-con-destacada-muestra-de-patrimonio-regional\/#breadcrumb\"},\"inLanguage\":\"es\",\"potentialAction\":[{\"@type\":\"ReadAction\",\"target\":[\"https:\/\/colegiosanlorenzo.cl\/index.php\/2025\/11\/28\/uda-participa-en-la-semana-de-la-historia-del-colegio-san-lorenzo-con-destacada-muestra-de-patrimonio-regional\/\"]}]},{\"@type\":\"ImageObject\",\"inLanguage\":\"es\",\"@id\":\"https:\/\/colegiosanlorenzo.cl\/index.php\/2025\/11\/28\/uda-participa-en-la-semana-de-la-historia-del-colegio-san-lorenzo-con-destacada-muestra-de-patrimonio-regional\/#primaryimage\",\"url\":\"https:\/\/i0.wp.com\/colegiosanlorenzo.cl\/wp-content\/uploads\/2025\/11\/DSC_0525-scaled-1.jpg?fit=2560%2C1707&ssl=1\",\"contentUrl\":\"https:\/\/i0.wp.com\/colegiosanlorenzo.cl\/wp-content\/uploads\/2025\/11\/DSC_0525-scaled-1.jpg?fit=2560%2C1707&ssl=1\",\"width\":2560,\"height\":1707},{\"@type\":\"BreadcrumbList\",\"@id\":\"https:\/\/colegiosanlorenzo.cl\/index.php\/2025\/11\/28\/uda-participa-en-la-semana-de-la-historia-del-colegio-san-lorenzo-con-destacada-muestra-de-patrimonio-regional\/#breadcrumb\",\"itemListElement\":[{\"@type\":\"ListItem\",\"position\":1,\"name\":\"Home\",\"item\":\"https:\/\/colegiosanlorenzo.cl\/\"},{\"@type\":\"ListItem\",\"position\":2,\"name\":\"UDA participa en la Semana de la Historia del Colegio San Lorenzo con destacada muestra de patrimonio regional\"}]},{\"@type\":\"WebSite\",\"@id\":\"https:\/\/colegiosanlorenzo.cl\/#website\",\"url\":\"https:\/\/colegiosanlorenzo.cl\/\",\"name\":\"colegiosanlorenzo.cl\",\"description\":\"Colegio San Lorenzo\",\"publisher\":{\"@id\":\"https:\/\/colegiosanlorenzo.cl\/#organization\"},\"potentialAction\":[{\"@type\":\"SearchAction\",\"target\":{\"@type\":\"EntryPoint\",\"urlTemplate\":\"https:\/\/colegiosanlorenzo.cl\/?s={search_term_string}\"},\"query-input\":{\"@type\":\"PropertyValueSpecification\",\"valueRequired\":true,\"valueName\":\"search_term_string\"}}],\"inLanguage\":\"es\"},{\"@type\":\"Organization\",\"@id\":\"https:\/\/colegiosanlorenzo.cl\/#organization\",\"name\":\"Colegio San Lorenzo de Copiap\u00f3\",\"alternateName\":\"CSL Copiap\u00f3\",\"url\":\"https:\/\/colegiosanlorenzo.cl\/\",\"logo\":{\"@type\":\"ImageObject\",\"inLanguage\":\"es\",\"@id\":\"https:\/\/colegiosanlorenzo.cl\/#\/schema\/logo\/image\/\",\"url\":\"https:\/\/i0.wp.com\/colegiosanlorenzo.cl\/wp-content\/uploads\/2020\/02\/logo_csl.png?fit=512%2C512&ssl=1\",\"contentUrl\":\"https:\/\/i0.wp.com\/colegiosanlorenzo.cl\/wp-content\/uploads\/2020\/02\/logo_csl.png?fit=512%2C512&ssl=1\",\"width\":512,\"height\":512,\"caption\":\"Colegio San Lorenzo de Copiap\u00f3\"},\"image\":{\"@id\":\"https:\/\/colegiosanlorenzo.cl\/#\/schema\/logo\/image\/\"}},{\"@type\":\"Person\",\"@id\":\"https:\/\/colegiosanlorenzo.cl\/#\/schema\/person\/d2249737c9fea8f9242775704142d998\",\"name\":\"Colegio San Lorenzo\",\"image\":{\"@type\":\"ImageObject\",\"inLanguage\":\"es\",\"@id\":\"https:\/\/colegiosanlorenzo.cl\/#\/schema\/person\/image\/\",\"url\":\"https:\/\/secure.gravatar.com\/avatar\/1ed1c020cefe59358fa44f0d701a39ceb2368130b52f38b002cfe035dc24fddf?s=96&d=mm&r=g\",\"contentUrl\":\"https:\/\/secure.gravatar.com\/avatar\/1ed1c020cefe59358fa44f0d701a39ceb2368130b52f38b002cfe035dc24fddf?s=96&d=mm&r=g\",\"caption\":\"Colegio San Lorenzo\"},\"url\":\"https:\/\/colegiosanlorenzo.cl\/index.php\/author\/roxana-rojas\/\"}]}<\/script>\n<!-- \/ Yoast SEO plugin. -->","yoast_head_json":{"title":"UDA participa en la Semana de la Historia del Colegio San Lorenzo con destacada muestra de patrimonio regional - colegiosanlorenzo.cl","robots":{"index":"index","follow":"follow","max-snippet":"max-snippet:-1","max-image-preview":"max-image-preview:large","max-video-preview":"max-video-preview:-1"},"canonical":"https:\/\/colegiosanlorenzo.cl\/index.php\/2025\/11\/28\/uda-participa-en-la-semana-de-la-historia-del-colegio-san-lorenzo-con-destacada-muestra-de-patrimonio-regional\/","og_locale":"es_ES","og_type":"article","og_title":"UDA participa en la Semana de la Historia del Colegio San Lorenzo con destacada muestra de patrimonio regional - colegiosanlorenzo.cl","og_description":"En el marco de la Semana de la Historia del Colegio San Lorenzo, nuestra casa de estudios superiores llev\u00f3 a cabo una significativa colaboraci\u00f3n, que permiti\u00f3 acercar a estudiantes, docentes y funcionarios a una valiosa muestra de filatelia, numism\u00e1tica y patrimonio art\u00edstico regional.\u00a0 La actividad se desarroll\u00f3 en el patio del establecimiento, donde las y &hellip; UDA participa en la Semana de la Historia del Colegio San Lorenzo con destacada muestra de patrimonio regional Leer m\u00e1s \u00bb","og_url":"https:\/\/colegiosanlorenzo.cl\/index.php\/2025\/11\/28\/uda-participa-en-la-semana-de-la-historia-del-colegio-san-lorenzo-con-destacada-muestra-de-patrimonio-regional\/","og_site_name":"colegiosanlorenzo.cl","article_published_time":"2025-11-28T12:20:33+00:00","article_modified_time":"2025-12-09T15:45:51+00:00","og_image":[{"width":2560,"height":1707,"url":"https:\/\/colegiosanlorenzo.cl\/wp-content\/uploads\/2025\/11\/DSC_0525-scaled-1.jpg","type":"image\/jpeg"}],"author":"Colegio San Lorenzo","twitter_card":"summary_large_image","twitter_misc":{"Escrito por":"Colegio San Lorenzo","Tiempo de lectura":"3 minutos"},"schema":{"@context":"https:\/\/schema.org","@graph":[{"@type":"Article","@id":"https:\/\/colegiosanlorenzo.cl\/index.php\/2025\/11\/28\/uda-participa-en-la-semana-de-la-historia-del-colegio-san-lorenzo-con-destacada-muestra-de-patrimonio-regional\/#article","isPartOf":{"@id":"https:\/\/colegiosanlorenzo.cl\/index.php\/2025\/11\/28\/uda-participa-en-la-semana-de-la-historia-del-colegio-san-lorenzo-con-destacada-muestra-de-patrimonio-regional\/"},"author":{"name":"Colegio San Lorenzo","@id":"https:\/\/colegiosanlorenzo.cl\/#\/schema\/person\/d2249737c9fea8f9242775704142d998"},"headline":"UDA participa en la Semana de la Historia del Colegio San Lorenzo con destacada muestra de patrimonio regional","datePublished":"2025-11-28T12:20:33+00:00","dateModified":"2025-12-09T15:45:51+00:00","mainEntityOfPage":{"@id":"https:\/\/colegiosanlorenzo.cl\/index.php\/2025\/11\/28\/uda-participa-en-la-semana-de-la-historia-del-colegio-san-lorenzo-con-destacada-muestra-de-patrimonio-regional\/"},"wordCount":432,"publisher":{"@id":"https:\/\/colegiosanlorenzo.cl\/#organization"},"image":{"@id":"https:\/\/colegiosanlorenzo.cl\/index.php\/2025\/11\/28\/uda-participa-en-la-semana-de-la-historia-del-colegio-san-lorenzo-con-destacada-muestra-de-patrimonio-regional\/#primaryimage"},"thumbnailUrl":"https:\/\/i0.wp.com\/colegiosanlorenzo.cl\/wp-content\/uploads\/2025\/11\/DSC_0525-scaled-1.jpg?fit=2560%2C1707&ssl=1","articleSection":["CIFC","Noticias"],"inLanguage":"es"},{"@type":"WebPage","@id":"https:\/\/colegiosanlorenzo.cl\/index.php\/2025\/11\/28\/uda-participa-en-la-semana-de-la-historia-del-colegio-san-lorenzo-con-destacada-muestra-de-patrimonio-regional\/","url":"https:\/\/colegiosanlorenzo.cl\/index.php\/2025\/11\/28\/uda-participa-en-la-semana-de-la-historia-del-colegio-san-lorenzo-con-destacada-muestra-de-patrimonio-regional\/","name":"UDA participa en la Semana de la Historia del Colegio San Lorenzo con destacada muestra de patrimonio regional - colegiosanlorenzo.cl","isPartOf":{"@id":"https:\/\/colegiosanlorenzo.cl\/#website"},"primaryImageOfPage":{"@id":"https:\/\/colegiosanlorenzo.cl\/index.php\/2025\/11\/28\/uda-participa-en-la-semana-de-la-historia-del-colegio-san-lorenzo-con-destacada-muestra-de-patrimonio-regional\/#primaryimage"},"image":{"@id":"https:\/\/colegiosanlorenzo.cl\/index.php\/2025\/11\/28\/uda-participa-en-la-semana-de-la-historia-del-colegio-san-lorenzo-con-destacada-muestra-de-patrimonio-regional\/#primaryimage"},"thumbnailUrl":"https:\/\/i0.wp.com\/colegiosanlorenzo.cl\/wp-content\/uploads\/2025\/11\/DSC_0525-scaled-1.jpg?fit=2560%2C1707&ssl=1","datePublished":"2025-11-28T12:20:33+00:00","dateModified":"2025-12-09T15:45:51+00:00","breadcrumb":{"@id":"https:\/\/colegiosanlorenzo.cl\/index.php\/2025\/11\/28\/uda-participa-en-la-semana-de-la-historia-del-colegio-san-lorenzo-con-destacada-muestra-de-patrimonio-regional\/#breadcrumb"},"inLanguage":"es","potentialAction":[{"@type":"ReadAction","target":["https:\/\/colegiosanlorenzo.cl\/index.php\/2025\/11\/28\/uda-participa-en-la-semana-de-la-historia-del-colegio-san-lorenzo-con-destacada-muestra-de-patrimonio-regional\/"]}]},{"@type":"ImageObject","inLanguage":"es","@id":"https:\/\/colegiosanlorenzo.cl\/index.php\/2025\/11\/28\/uda-participa-en-la-semana-de-la-historia-del-colegio-san-lorenzo-con-destacada-muestra-de-patrimonio-regional\/#primaryimage","url":"https:\/\/i0.wp.com\/colegiosanlorenzo.cl\/wp-content\/uploads\/2025\/11\/DSC_0525-scaled-1.jpg?fit=2560%2C1707&ssl=1","contentUrl":"https:\/\/i0.wp.com\/colegiosanlorenzo.cl\/wp-content\/uploads\/2025\/11\/DSC_0525-scaled-1.jpg?fit=2560%2C1707&ssl=1","width":2560,"height":1707},{"@type":"BreadcrumbList","@id":"https:\/\/colegiosanlorenzo.cl\/index.php\/2025\/11\/28\/uda-participa-en-la-semana-de-la-historia-del-colegio-san-lorenzo-con-destacada-muestra-de-patrimonio-regional\/#breadcrumb","itemListElement":[{"@type":"ListItem","position":1,"name":"Home","item":"https:\/\/colegiosanlorenzo.cl\/"},{"@type":"ListItem","position":2,"name":"UDA participa en la Semana de la Historia del Colegio San Lorenzo con destacada muestra de patrimonio regional"}]},{"@type":"WebSite","@id":"https:\/\/colegiosanlorenzo.cl\/#website","url":"https:\/\/colegiosanlorenzo.cl\/","name":"colegiosanlorenzo.cl","description":"Colegio San Lorenzo","publisher":{"@id":"https:\/\/colegiosanlorenzo.cl\/#organization"},"potentialAction":[{"@type":"SearchAction","target":{"@type":"EntryPoint","urlTemplate":"https:\/\/colegiosanlorenzo.cl\/?s={search_term_string}"},"query-input":{"@type":"PropertyValueSpecification","valueRequired":true,"valueName":"search_term_string"}}],"inLanguage":"es"},{"@type":"Organization","@id":"https:\/\/colegiosanlorenzo.cl\/#organization","name":"Colegio San Lorenzo de Copiap\u00f3","alternateName":"CSL Copiap\u00f3","url":"https:\/\/colegiosanlorenzo.cl\/","logo":{"@type":"ImageObject","inLanguage":"es","@id":"https:\/\/colegiosanlorenzo.cl\/#\/schema\/logo\/image\/","url":"https:\/\/i0.wp.com\/colegiosanlorenzo.cl\/wp-content\/uploads\/2020\/02\/logo_csl.png?fit=512%2C512&ssl=1","contentUrl":"https:\/\/i0.wp.com\/colegiosanlorenzo.cl\/wp-content\/uploads\/2020\/02\/logo_csl.png?fit=512%2C512&ssl=1","width":512,"height":512,"caption":"Colegio San Lorenzo de Copiap\u00f3"},"image":{"@id":"https:\/\/colegiosanlorenzo.cl\/#\/schema\/logo\/image\/"}},{"@type":"Person","@id":"https:\/\/colegiosanlorenzo.cl\/#\/schema\/person\/d2249737c9fea8f9242775704142d998","name":"Colegio San Lorenzo","image":{"@type":"ImageObject","inLanguage":"es","@id":"https:\/\/colegiosanlorenzo.cl\/#\/schema\/person\/image\/","url":"https:\/\/secure.gravatar.com\/avatar\/1ed1c020cefe59358fa44f0d701a39ceb2368130b52f38b002cfe035dc24fddf?s=96&d=mm&r=g","contentUrl":"https:\/\/secure.gravatar.com\/avatar\/1ed1c020cefe59358fa44f0d701a39ceb2368130b52f38b002cfe035dc24fddf?s=96&d=mm&r=g","caption":"Colegio San Lorenzo"},"url":"https:\/\/colegiosanlorenzo.cl\/index.php\/author\/roxana-rojas\/"}]}},"jetpack_sharing_enabled":true,"jetpack_featured_media_url":"https:\/\/i0.wp.com\/colegiosanlorenzo.cl\/wp-content\/uploads\/2025\/11\/DSC_0525-scaled-1.jpg?fit=2560%2C1707&ssl=1","_links":{"self":[{"href":"https:\/\/colegiosanlorenzo.cl\/index.php\/wp-json\/wp\/v2\/posts\/13773","targetHints":{"allow":["GET"]}}],"collection":[{"href":"https:\/\/colegiosanlorenzo.cl\/index.php\/wp-json\/wp\/v2\/posts"}],"about":[{"href":"https:\/\/colegiosanlorenzo.cl\/index.php\/wp-json\/wp\/v2\/types\/post"}],"author":[{"embeddable":true,"href":"https:\/\/colegiosanlorenzo.cl\/index.php\/wp-json\/wp\/v2\/users\/5"}],"replies":[{"embeddable":true,"href":"https:\/\/colegiosanlorenzo.cl\/index.php\/wp-json\/wp\/v2\/comments?post=13773"}],"version-history":[{"count":4,"href":"https:\/\/colegiosanlorenzo.cl\/index.php\/wp-json\/wp\/v2\/posts\/13773\/revisions"}],"predecessor-version":[{"id":13784,"href":"https:\/\/colegiosanlorenzo.cl\/index.php\/wp-json\/wp\/v2\/posts\/13773\/revisions\/13784"}],"wp:featuredmedia":[{"embeddable":true,"href":"https:\/\/colegiosanlorenzo.cl\/index.php\/wp-json\/wp\/v2\/media\/13774"}],"wp:attachment":[{"href":"https:\/\/colegiosanlorenzo.cl\/index.php\/wp-json\/wp\/v2\/media?parent=13773"}],"wp:term":[{"taxonomy":"category","embeddable":true,"href":"https:\/\/colegiosanlorenzo.cl\/index.php\/wp-json\/wp\/v2\/categories?post=13773"},{"taxonomy":"post_tag","embeddable":true,"href":"https:\/\/colegiosanlorenzo.cl\/index.php\/wp-json\/wp\/v2\/tags?post=13773"}],"curies":[{"name":"wp","href":"https:\/\/api.w.org\/{rel}","templated":true}]}}