{"id":4864,"date":"2023-04-25T20:30:00","date_gmt":"2023-04-25T20:30:00","guid":{"rendered":"https:\/\/colegiosanlorenzo.cl\/?p=4864"},"modified":"2023-05-02T18:33:23","modified_gmt":"2023-05-02T18:33:23","slug":"charla-vocacional-universidad-san-sebastian","status":"publish","type":"post","link":"https:\/\/colegiosanlorenzo.cl\/index.php\/2023\/04\/25\/charla-vocacional-universidad-san-sebastian\/","title":{"rendered":"Charla Vocacional Universidad San Sebasti\u00e1n"},"content":{"rendered":"\n<p>CHARLAS VOCACIONALES<\/p>\n\n\n\n<p>El d\u00eda Martes 25 y Mi\u00e9rcoles 26 de Abril nos visit\u00f3 la prestigiosa Universidad San Sebasti\u00e1n.<\/p>\n\n\n\n<p>Nuestros alumnos de Terceros y Cuartos a\u00f1os medios presenciaron una enriquecedora charla vocacional, donde se entreg\u00f3 informaci\u00f3n sobre las carreras, el NEM, las ponderaciones, postulaciones, concepto de la Acreditaci\u00f3n, Becas, Formulario FUAS, Sedes que tiene la universidad en diversas regiones de nuestro pa\u00eds, etc. Tambi\u00e9n se les dio a conocer a los alumnos los recursos tecnol\u00f3gicos con los que cuenta la Universidad, y los equipamientos para diversas carreras, como por ejemplo la carrera de Medicina.<\/p>\n\n\n\n<figure class=\"wp-block-image size-large\"><img data-recalc-dims=\"1\" fetchpriority=\"high\" decoding=\"async\" width=\"1024\" height=\"768\" src=\"https:\/\/i0.wp.com\/colegiosanlorenzo.cl\/wp-content\/uploads\/2023\/05\/20230425_150415.jpg?resize=1024%2C768&#038;ssl=1\" alt=\"\" class=\"wp-image-4865\" srcset=\"https:\/\/i0.wp.com\/colegiosanlorenzo.cl\/wp-content\/uploads\/2023\/05\/20230425_150415-scaled.jpg?resize=1024%2C768&amp;ssl=1 1024w, https:\/\/i0.wp.com\/colegiosanlorenzo.cl\/wp-content\/uploads\/2023\/05\/20230425_150415-scaled.jpg?resize=300%2C225&amp;ssl=1 300w, https:\/\/i0.wp.com\/colegiosanlorenzo.cl\/wp-content\/uploads\/2023\/05\/20230425_150415-scaled.jpg?resize=768%2C576&amp;ssl=1 768w, https:\/\/i0.wp.com\/colegiosanlorenzo.cl\/wp-content\/uploads\/2023\/05\/20230425_150415-scaled.jpg?resize=1536%2C1152&amp;ssl=1 1536w, https:\/\/i0.wp.com\/colegiosanlorenzo.cl\/wp-content\/uploads\/2023\/05\/20230425_150415-scaled.jpg?resize=2048%2C1536&amp;ssl=1 2048w\" sizes=\"(max-width: 1000px) 100vw, 1000px\" \/><\/figure>\n\n\n\n<figure class=\"wp-block-image size-large\"><img data-recalc-dims=\"1\" decoding=\"async\" width=\"1024\" height=\"768\" src=\"https:\/\/i0.wp.com\/colegiosanlorenzo.cl\/wp-content\/uploads\/2023\/05\/20230425_150356.jpg?resize=1024%2C768&#038;ssl=1\" alt=\"\" class=\"wp-image-4866\" srcset=\"https:\/\/i0.wp.com\/colegiosanlorenzo.cl\/wp-content\/uploads\/2023\/05\/20230425_150356-scaled.jpg?resize=1024%2C768&amp;ssl=1 1024w, https:\/\/i0.wp.com\/colegiosanlorenzo.cl\/wp-content\/uploads\/2023\/05\/20230425_150356-scaled.jpg?resize=300%2C225&amp;ssl=1 300w, https:\/\/i0.wp.com\/colegiosanlorenzo.cl\/wp-content\/uploads\/2023\/05\/20230425_150356-scaled.jpg?resize=768%2C576&amp;ssl=1 768w, https:\/\/i0.wp.com\/colegiosanlorenzo.cl\/wp-content\/uploads\/2023\/05\/20230425_150356-scaled.jpg?resize=1536%2C1152&amp;ssl=1 1536w, https:\/\/i0.wp.com\/colegiosanlorenzo.cl\/wp-content\/uploads\/2023\/05\/20230425_150356-scaled.jpg?resize=2048%2C1536&amp;ssl=1 2048w\" sizes=\"(max-width: 1000px) 100vw, 1000px\" \/><\/figure>\n","protected":false},"excerpt":{"rendered":"<p>CHARLAS VOCACIONALES El d\u00eda Martes 25 y Mi\u00e9rcoles 26 de Abril nos visit\u00f3 la prestigiosa Universidad San Sebasti\u00e1n. Nuestros alumnos de Terceros y Cuartos a\u00f1os medios presenciaron una enriquecedora charla vocacional, donde se entreg\u00f3 informaci\u00f3n sobre las carreras, el NEM, las ponderaciones, postulaciones, concepto de la Acreditaci\u00f3n, Becas, Formulario FUAS, Sedes que tiene la universidad &hellip;<\/p>\n<p class=\"read-more\"> <a class=\"\" href=\"https:\/\/colegiosanlorenzo.cl\/index.php\/2023\/04\/25\/charla-vocacional-universidad-san-sebastian\/\"> <span class=\"screen-reader-text\">Charla Vocacional Universidad San Sebasti\u00e1n<\/span> Leer m\u00e1s \u00bb<\/a><\/p>\n","protected":false},"author":5,"featured_media":4867,"comment_status":"closed","ping_status":"closed","sticky":false,"template":"","format":"standard","meta":{"site-sidebar-layout":"default","site-content-layout":"","ast-site-content-layout":"","site-content-style":"default","site-sidebar-style":"default","ast-global-header-display":"","ast-banner-title-visibility":"","ast-main-header-display":"","ast-hfb-above-header-display":"","ast-hfb-below-header-display":"","ast-hfb-mobile-header-display":"","site-post-title":"","ast-breadcrumbs-content":"","ast-featured-img":"","footer-sml-layout":"","theme-transparent-header-meta":"","adv-header-id-meta":"","stick-header-meta":"","header-above-stick-meta":"","header-main-stick-meta":"","header-below-stick-meta":"","astra-migrate-meta-layouts":"","_jetpack_memberships_contains_paid_content":false,"footnotes":""},"categories":[14],"tags":[],"class_list":["post-4864","post","type-post","status-publish","format-standard","has-post-thumbnail","hentry","category-orientacion"],"yoast_head":"<!-- This site is optimized with the Yoast SEO plugin v23.9 - https:\/\/yoast.com\/wordpress\/plugins\/seo\/ -->\n<title>Charla Vocacional Universidad San Sebasti\u00e1n - colegiosanlorenzo.cl<\/title>\n<meta name=\"robots\" content=\"index, follow, max-snippet:-1, max-image-preview:large, max-video-preview:-1\" \/>\n<link rel=\"canonical\" href=\"https:\/\/colegiosanlorenzo.cl\/index.php\/2023\/04\/25\/charla-vocacional-universidad-san-sebastian\/\" \/>\n<meta property=\"og:locale\" content=\"es_ES\" \/>\n<meta property=\"og:type\" content=\"article\" \/>\n<meta property=\"og:title\" content=\"Charla Vocacional Universidad San Sebasti\u00e1n - colegiosanlorenzo.cl\" \/>\n<meta property=\"og:description\" content=\"CHARLAS VOCACIONALES El d\u00eda Martes 25 y Mi\u00e9rcoles 26 de Abril nos visit\u00f3 la prestigiosa Universidad San Sebasti\u00e1n. Nuestros alumnos de Terceros y Cuartos a\u00f1os medios presenciaron una enriquecedora charla vocacional, donde se entreg\u00f3 informaci\u00f3n sobre las carreras, el NEM, las ponderaciones, postulaciones, concepto de la Acreditaci\u00f3n, Becas, Formulario FUAS, Sedes que tiene la universidad &hellip; Charla Vocacional Universidad San Sebasti\u00e1n Leer m\u00e1s \u00bb\" \/>\n<meta property=\"og:url\" content=\"https:\/\/colegiosanlorenzo.cl\/index.php\/2023\/04\/25\/charla-vocacional-universidad-san-sebastian\/\" \/>\n<meta property=\"og:site_name\" content=\"colegiosanlorenzo.cl\" \/>\n<meta property=\"article:published_time\" content=\"2023-04-25T20:30:00+00:00\" \/>\n<meta property=\"article:modified_time\" content=\"2023-05-02T18:33:23+00:00\" \/>\n<meta property=\"og:image\" content=\"https:\/\/colegiosanlorenzo.cl\/wp-content\/uploads\/2023\/05\/charla_san_sebastian.jpg\" \/>\n\t<meta property=\"og:image:width\" content=\"500\" \/>\n\t<meta property=\"og:image:height\" content=\"300\" \/>\n\t<meta property=\"og:image:type\" content=\"image\/jpeg\" \/>\n<meta name=\"author\" content=\"Colegio San Lorenzo\" \/>\n<meta name=\"twitter:card\" content=\"summary_large_image\" \/>\n<meta name=\"twitter:label1\" content=\"Escrito por\" \/>\n\t<meta name=\"twitter:data1\" content=\"Colegio San Lorenzo\" \/>\n\t<meta name=\"twitter:label2\" content=\"Tiempo de lectura\" \/>\n\t<meta name=\"twitter:data2\" content=\"1 minuto\" \/>\n<script type=\"application\/ld+json\" class=\"yoast-schema-graph\">{\"@context\":\"https:\/\/schema.org\",\"@graph\":[{\"@type\":\"Article\",\"@id\":\"https:\/\/colegiosanlorenzo.cl\/index.php\/2023\/04\/25\/charla-vocacional-universidad-san-sebastian\/#article\",\"isPartOf\":{\"@id\":\"https:\/\/colegiosanlorenzo.cl\/index.php\/2023\/04\/25\/charla-vocacional-universidad-san-sebastian\/\"},\"author\":{\"name\":\"Colegio San Lorenzo\",\"@id\":\"https:\/\/colegiosanlorenzo.cl\/#\/schema\/person\/d2249737c9fea8f9242775704142d998\"},\"headline\":\"Charla Vocacional Universidad San Sebasti\u00e1n\",\"datePublished\":\"2023-04-25T20:30:00+00:00\",\"dateModified\":\"2023-05-02T18:33:23+00:00\",\"mainEntityOfPage\":{\"@id\":\"https:\/\/colegiosanlorenzo.cl\/index.php\/2023\/04\/25\/charla-vocacional-universidad-san-sebastian\/\"},\"wordCount\":106,\"publisher\":{\"@id\":\"https:\/\/colegiosanlorenzo.cl\/#organization\"},\"image\":{\"@id\":\"https:\/\/colegiosanlorenzo.cl\/index.php\/2023\/04\/25\/charla-vocacional-universidad-san-sebastian\/#primaryimage\"},\"thumbnailUrl\":\"https:\/\/i0.wp.com\/colegiosanlorenzo.cl\/wp-content\/uploads\/2023\/05\/charla_san_sebastian.jpg?fit=500%2C300&ssl=1\",\"articleSection\":[\"Orientaci\u00f3n\"],\"inLanguage\":\"es\"},{\"@type\":\"WebPage\",\"@id\":\"https:\/\/colegiosanlorenzo.cl\/index.php\/2023\/04\/25\/charla-vocacional-universidad-san-sebastian\/\",\"url\":\"https:\/\/colegiosanlorenzo.cl\/index.php\/2023\/04\/25\/charla-vocacional-universidad-san-sebastian\/\",\"name\":\"Charla Vocacional Universidad San Sebasti\u00e1n - colegiosanlorenzo.cl\",\"isPartOf\":{\"@id\":\"https:\/\/colegiosanlorenzo.cl\/#website\"},\"primaryImageOfPage\":{\"@id\":\"https:\/\/colegiosanlorenzo.cl\/index.php\/2023\/04\/25\/charla-vocacional-universidad-san-sebastian\/#primaryimage\"},\"image\":{\"@id\":\"https:\/\/colegiosanlorenzo.cl\/index.php\/2023\/04\/25\/charla-vocacional-universidad-san-sebastian\/#primaryimage\"},\"thumbnailUrl\":\"https:\/\/i0.wp.com\/colegiosanlorenzo.cl\/wp-content\/uploads\/2023\/05\/charla_san_sebastian.jpg?fit=500%2C300&ssl=1\",\"datePublished\":\"2023-04-25T20:30:00+00:00\",\"dateModified\":\"2023-05-02T18:33:23+00:00\",\"breadcrumb\":{\"@id\":\"https:\/\/colegiosanlorenzo.cl\/index.php\/2023\/04\/25\/charla-vocacional-universidad-san-sebastian\/#breadcrumb\"},\"inLanguage\":\"es\",\"potentialAction\":[{\"@type\":\"ReadAction\",\"target\":[\"https:\/\/colegiosanlorenzo.cl\/index.php\/2023\/04\/25\/charla-vocacional-universidad-san-sebastian\/\"]}]},{\"@type\":\"ImageObject\",\"inLanguage\":\"es\",\"@id\":\"https:\/\/colegiosanlorenzo.cl\/index.php\/2023\/04\/25\/charla-vocacional-universidad-san-sebastian\/#primaryimage\",\"url\":\"https:\/\/i0.wp.com\/colegiosanlorenzo.cl\/wp-content\/uploads\/2023\/05\/charla_san_sebastian.jpg?fit=500%2C300&ssl=1\",\"contentUrl\":\"https:\/\/i0.wp.com\/colegiosanlorenzo.cl\/wp-content\/uploads\/2023\/05\/charla_san_sebastian.jpg?fit=500%2C300&ssl=1\",\"width\":500,\"height\":300},{\"@type\":\"BreadcrumbList\",\"@id\":\"https:\/\/colegiosanlorenzo.cl\/index.php\/2023\/04\/25\/charla-vocacional-universidad-san-sebastian\/#breadcrumb\",\"itemListElement\":[{\"@type\":\"ListItem\",\"position\":1,\"name\":\"Home\",\"item\":\"https:\/\/colegiosanlorenzo.cl\/\"},{\"@type\":\"ListItem\",\"position\":2,\"name\":\"Charla Vocacional Universidad San Sebasti\u00e1n\"}]},{\"@type\":\"WebSite\",\"@id\":\"https:\/\/colegiosanlorenzo.cl\/#website\",\"url\":\"https:\/\/colegiosanlorenzo.cl\/\",\"name\":\"colegiosanlorenzo.cl\",\"description\":\"Colegio San Lorenzo\",\"publisher\":{\"@id\":\"https:\/\/colegiosanlorenzo.cl\/#organization\"},\"potentialAction\":[{\"@type\":\"SearchAction\",\"target\":{\"@type\":\"EntryPoint\",\"urlTemplate\":\"https:\/\/colegiosanlorenzo.cl\/?s={search_term_string}\"},\"query-input\":{\"@type\":\"PropertyValueSpecification\",\"valueRequired\":true,\"valueName\":\"search_term_string\"}}],\"inLanguage\":\"es\"},{\"@type\":\"Organization\",\"@id\":\"https:\/\/colegiosanlorenzo.cl\/#organization\",\"name\":\"Colegio San Lorenzo de Copiap\u00f3\",\"alternateName\":\"CSL Copiap\u00f3\",\"url\":\"https:\/\/colegiosanlorenzo.cl\/\",\"logo\":{\"@type\":\"ImageObject\",\"inLanguage\":\"es\",\"@id\":\"https:\/\/colegiosanlorenzo.cl\/#\/schema\/logo\/image\/\",\"url\":\"https:\/\/i0.wp.com\/colegiosanlorenzo.cl\/wp-content\/uploads\/2020\/02\/logo_csl.png?fit=512%2C512&ssl=1\",\"contentUrl\":\"https:\/\/i0.wp.com\/colegiosanlorenzo.cl\/wp-content\/uploads\/2020\/02\/logo_csl.png?fit=512%2C512&ssl=1\",\"width\":512,\"height\":512,\"caption\":\"Colegio San Lorenzo de Copiap\u00f3\"},\"image\":{\"@id\":\"https:\/\/colegiosanlorenzo.cl\/#\/schema\/logo\/image\/\"}},{\"@type\":\"Person\",\"@id\":\"https:\/\/colegiosanlorenzo.cl\/#\/schema\/person\/d2249737c9fea8f9242775704142d998\",\"name\":\"Colegio San Lorenzo\",\"image\":{\"@type\":\"ImageObject\",\"inLanguage\":\"es\",\"@id\":\"https:\/\/colegiosanlorenzo.cl\/#\/schema\/person\/image\/\",\"url\":\"https:\/\/secure.gravatar.com\/avatar\/1ed1c020cefe59358fa44f0d701a39ceb2368130b52f38b002cfe035dc24fddf?s=96&d=mm&r=g\",\"contentUrl\":\"https:\/\/secure.gravatar.com\/avatar\/1ed1c020cefe59358fa44f0d701a39ceb2368130b52f38b002cfe035dc24fddf?s=96&d=mm&r=g\",\"caption\":\"Colegio San Lorenzo\"},\"url\":\"https:\/\/colegiosanlorenzo.cl\/index.php\/author\/roxana-rojas\/\"}]}<\/script>\n<!-- \/ Yoast SEO plugin. -->","yoast_head_json":{"title":"Charla Vocacional Universidad San Sebasti\u00e1n - colegiosanlorenzo.cl","robots":{"index":"index","follow":"follow","max-snippet":"max-snippet:-1","max-image-preview":"max-image-preview:large","max-video-preview":"max-video-preview:-1"},"canonical":"https:\/\/colegiosanlorenzo.cl\/index.php\/2023\/04\/25\/charla-vocacional-universidad-san-sebastian\/","og_locale":"es_ES","og_type":"article","og_title":"Charla Vocacional Universidad San Sebasti\u00e1n - colegiosanlorenzo.cl","og_description":"CHARLAS VOCACIONALES El d\u00eda Martes 25 y Mi\u00e9rcoles 26 de Abril nos visit\u00f3 la prestigiosa Universidad San Sebasti\u00e1n. Nuestros alumnos de Terceros y Cuartos a\u00f1os medios presenciaron una enriquecedora charla vocacional, donde se entreg\u00f3 informaci\u00f3n sobre las carreras, el NEM, las ponderaciones, postulaciones, concepto de la Acreditaci\u00f3n, Becas, Formulario FUAS, Sedes que tiene la universidad &hellip; Charla Vocacional Universidad San Sebasti\u00e1n Leer m\u00e1s \u00bb","og_url":"https:\/\/colegiosanlorenzo.cl\/index.php\/2023\/04\/25\/charla-vocacional-universidad-san-sebastian\/","og_site_name":"colegiosanlorenzo.cl","article_published_time":"2023-04-25T20:30:00+00:00","article_modified_time":"2023-05-02T18:33:23+00:00","og_image":[{"width":500,"height":300,"url":"https:\/\/colegiosanlorenzo.cl\/wp-content\/uploads\/2023\/05\/charla_san_sebastian.jpg","type":"image\/jpeg"}],"author":"Colegio San Lorenzo","twitter_card":"summary_large_image","twitter_misc":{"Escrito por":"Colegio San Lorenzo","Tiempo de lectura":"1 minuto"},"schema":{"@context":"https:\/\/schema.org","@graph":[{"@type":"Article","@id":"https:\/\/colegiosanlorenzo.cl\/index.php\/2023\/04\/25\/charla-vocacional-universidad-san-sebastian\/#article","isPartOf":{"@id":"https:\/\/colegiosanlorenzo.cl\/index.php\/2023\/04\/25\/charla-vocacional-universidad-san-sebastian\/"},"author":{"name":"Colegio San Lorenzo","@id":"https:\/\/colegiosanlorenzo.cl\/#\/schema\/person\/d2249737c9fea8f9242775704142d998"},"headline":"Charla Vocacional Universidad San Sebasti\u00e1n","datePublished":"2023-04-25T20:30:00+00:00","dateModified":"2023-05-02T18:33:23+00:00","mainEntityOfPage":{"@id":"https:\/\/colegiosanlorenzo.cl\/index.php\/2023\/04\/25\/charla-vocacional-universidad-san-sebastian\/"},"wordCount":106,"publisher":{"@id":"https:\/\/colegiosanlorenzo.cl\/#organization"},"image":{"@id":"https:\/\/colegiosanlorenzo.cl\/index.php\/2023\/04\/25\/charla-vocacional-universidad-san-sebastian\/#primaryimage"},"thumbnailUrl":"https:\/\/i0.wp.com\/colegiosanlorenzo.cl\/wp-content\/uploads\/2023\/05\/charla_san_sebastian.jpg?fit=500%2C300&ssl=1","articleSection":["Orientaci\u00f3n"],"inLanguage":"es"},{"@type":"WebPage","@id":"https:\/\/colegiosanlorenzo.cl\/index.php\/2023\/04\/25\/charla-vocacional-universidad-san-sebastian\/","url":"https:\/\/colegiosanlorenzo.cl\/index.php\/2023\/04\/25\/charla-vocacional-universidad-san-sebastian\/","name":"Charla Vocacional Universidad San Sebasti\u00e1n - colegiosanlorenzo.cl","isPartOf":{"@id":"https:\/\/colegiosanlorenzo.cl\/#website"},"primaryImageOfPage":{"@id":"https:\/\/colegiosanlorenzo.cl\/index.php\/2023\/04\/25\/charla-vocacional-universidad-san-sebastian\/#primaryimage"},"image":{"@id":"https:\/\/colegiosanlorenzo.cl\/index.php\/2023\/04\/25\/charla-vocacional-universidad-san-sebastian\/#primaryimage"},"thumbnailUrl":"https:\/\/i0.wp.com\/colegiosanlorenzo.cl\/wp-content\/uploads\/2023\/05\/charla_san_sebastian.jpg?fit=500%2C300&ssl=1","datePublished":"2023-04-25T20:30:00+00:00","dateModified":"2023-05-02T18:33:23+00:00","breadcrumb":{"@id":"https:\/\/colegiosanlorenzo.cl\/index.php\/2023\/04\/25\/charla-vocacional-universidad-san-sebastian\/#breadcrumb"},"inLanguage":"es","potentialAction":[{"@type":"ReadAction","target":["https:\/\/colegiosanlorenzo.cl\/index.php\/2023\/04\/25\/charla-vocacional-universidad-san-sebastian\/"]}]},{"@type":"ImageObject","inLanguage":"es","@id":"https:\/\/colegiosanlorenzo.cl\/index.php\/2023\/04\/25\/charla-vocacional-universidad-san-sebastian\/#primaryimage","url":"https:\/\/i0.wp.com\/colegiosanlorenzo.cl\/wp-content\/uploads\/2023\/05\/charla_san_sebastian.jpg?fit=500%2C300&ssl=1","contentUrl":"https:\/\/i0.wp.com\/colegiosanlorenzo.cl\/wp-content\/uploads\/2023\/05\/charla_san_sebastian.jpg?fit=500%2C300&ssl=1","width":500,"height":300},{"@type":"BreadcrumbList","@id":"https:\/\/colegiosanlorenzo.cl\/index.php\/2023\/04\/25\/charla-vocacional-universidad-san-sebastian\/#breadcrumb","itemListElement":[{"@type":"ListItem","position":1,"name":"Home","item":"https:\/\/colegiosanlorenzo.cl\/"},{"@type":"ListItem","position":2,"name":"Charla Vocacional Universidad San Sebasti\u00e1n"}]},{"@type":"WebSite","@id":"https:\/\/colegiosanlorenzo.cl\/#website","url":"https:\/\/colegiosanlorenzo.cl\/","name":"colegiosanlorenzo.cl","description":"Colegio San Lorenzo","publisher":{"@id":"https:\/\/colegiosanlorenzo.cl\/#organization"},"potentialAction":[{"@type":"SearchAction","target":{"@type":"EntryPoint","urlTemplate":"https:\/\/colegiosanlorenzo.cl\/?s={search_term_string}"},"query-input":{"@type":"PropertyValueSpecification","valueRequired":true,"valueName":"search_term_string"}}],"inLanguage":"es"},{"@type":"Organization","@id":"https:\/\/colegiosanlorenzo.cl\/#organization","name":"Colegio San Lorenzo de Copiap\u00f3","alternateName":"CSL Copiap\u00f3","url":"https:\/\/colegiosanlorenzo.cl\/","logo":{"@type":"ImageObject","inLanguage":"es","@id":"https:\/\/colegiosanlorenzo.cl\/#\/schema\/logo\/image\/","url":"https:\/\/i0.wp.com\/colegiosanlorenzo.cl\/wp-content\/uploads\/2020\/02\/logo_csl.png?fit=512%2C512&ssl=1","contentUrl":"https:\/\/i0.wp.com\/colegiosanlorenzo.cl\/wp-content\/uploads\/2020\/02\/logo_csl.png?fit=512%2C512&ssl=1","width":512,"height":512,"caption":"Colegio San Lorenzo de Copiap\u00f3"},"image":{"@id":"https:\/\/colegiosanlorenzo.cl\/#\/schema\/logo\/image\/"}},{"@type":"Person","@id":"https:\/\/colegiosanlorenzo.cl\/#\/schema\/person\/d2249737c9fea8f9242775704142d998","name":"Colegio San Lorenzo","image":{"@type":"ImageObject","inLanguage":"es","@id":"https:\/\/colegiosanlorenzo.cl\/#\/schema\/person\/image\/","url":"https:\/\/secure.gravatar.com\/avatar\/1ed1c020cefe59358fa44f0d701a39ceb2368130b52f38b002cfe035dc24fddf?s=96&d=mm&r=g","contentUrl":"https:\/\/secure.gravatar.com\/avatar\/1ed1c020cefe59358fa44f0d701a39ceb2368130b52f38b002cfe035dc24fddf?s=96&d=mm&r=g","caption":"Colegio San Lorenzo"},"url":"https:\/\/colegiosanlorenzo.cl\/index.php\/author\/roxana-rojas\/"}]}},"jetpack_sharing_enabled":true,"jetpack_featured_media_url":"https:\/\/i0.wp.com\/colegiosanlorenzo.cl\/wp-content\/uploads\/2023\/05\/charla_san_sebastian.jpg?fit=500%2C300&ssl=1","_links":{"self":[{"href":"https:\/\/colegiosanlorenzo.cl\/index.php\/wp-json\/wp\/v2\/posts\/4864","targetHints":{"allow":["GET"]}}],"collection":[{"href":"https:\/\/colegiosanlorenzo.cl\/index.php\/wp-json\/wp\/v2\/posts"}],"about":[{"href":"https:\/\/colegiosanlorenzo.cl\/index.php\/wp-json\/wp\/v2\/types\/post"}],"author":[{"embeddable":true,"href":"https:\/\/colegiosanlorenzo.cl\/index.php\/wp-json\/wp\/v2\/users\/5"}],"replies":[{"embeddable":true,"href":"https:\/\/colegiosanlorenzo.cl\/index.php\/wp-json\/wp\/v2\/comments?post=4864"}],"version-history":[{"count":0,"href":"https:\/\/colegiosanlorenzo.cl\/index.php\/wp-json\/wp\/v2\/posts\/4864\/revisions"}],"wp:featuredmedia":[{"embeddable":true,"href":"https:\/\/colegiosanlorenzo.cl\/index.php\/wp-json\/wp\/v2\/media\/4867"}],"wp:attachment":[{"href":"https:\/\/colegiosanlorenzo.cl\/index.php\/wp-json\/wp\/v2\/media?parent=4864"}],"wp:term":[{"taxonomy":"category","embeddable":true,"href":"https:\/\/colegiosanlorenzo.cl\/index.php\/wp-json\/wp\/v2\/categories?post=4864"},{"taxonomy":"post_tag","embeddable":true,"href":"https:\/\/colegiosanlorenzo.cl\/index.php\/wp-json\/wp\/v2\/tags?post=4864"}],"curies":[{"name":"wp","href":"https:\/\/api.w.org\/{rel}","templated":true}]}}