{"id":4967,"date":"2023-04-26T22:00:00","date_gmt":"2023-04-26T22:00:00","guid":{"rendered":"https:\/\/colegiosanlorenzo.cl\/?p=4967"},"modified":"2023-07-26T20:06:30","modified_gmt":"2023-07-26T20:06:30","slug":"feria-del-libro-taller-de-literatura","status":"publish","type":"post","link":"https:\/\/colegiosanlorenzo.cl\/index.php\/2023\/04\/26\/feria-del-libro-taller-de-literatura\/","title":{"rendered":"Feria Literaria Tem\u00e1tica"},"content":{"rendered":"\n<p><a href=\"https:\/\/drive.google.com\/drive\/folders\/1poMeNI3wn5di1pzg4DccjbCLt8iebEzD?usp=share_link\" target=\"_blank\" rel=\"noreferrer noopener\">Galer\u00eda de Im\u00e1genes<\/a><\/p>\n\n\n\n<p><strong>Feria Literaria Tem\u00e1tica organizada por los alumnos del curso de profundizaci\u00f3n Taller de Literatura 2023, donde participaron grupo de estudiantes de II\u00ba Medio B y IV\u00ba Medio B<\/strong><\/p>\n\n\n\n<p>Con entusiasmo y pasi\u00f3n por la literatura, los estudiantes llevaron a cabo una emocionante exposici\u00f3n de diversas tem\u00e1ticas literarias en esta incre\u00edble Feria. Cada grupo de alumnos se enfoc\u00f3 en un tema espec\u00edfico, y su creatividad y esfuerzo se reflejaron en cada una de las presentaciones.<\/p>\n\n\n\n<p>La Feria Literaria cont\u00f3 con ocho tem\u00e1ticas que abarcaban diferentes g\u00e9neros y aspectos de la literatura. Desde el terror m\u00e1s escalofriante hasta la magia de los mundos fant\u00e1sticos, cada \u00e1rea fue investigada y presentada con gran profesionalismo.<\/p>\n\n\n\n<p>Se destac\u00f3, el enfoque especial en \u00abLiteratura Inclusiva\u00bb que fue aplaudida por todos los presentes. Los alumnos se esforzaron por abordar obras y temas que promovieron la inclusi\u00f3n y la diversidad, brindando un mensaje poderoso sobre la importancia de la igualdad y el respeto.<\/p>\n\n\n\n<p>La Feria Literaria fue m\u00e1s que una simple exposici\u00f3n, dado que incentiv\u00f3 la lectura y el amor por la literatura entre los compa\u00f1eros. La dedicaci\u00f3n y el esfuerzo de los estudiantes se reflejaron en cada detalle, creando un ambiente enriquecedor y emocionante.<\/p>\n\n\n\n<p>Felicitamos a los alumnos de los cursos &nbsp;participantes por esta incre\u00edble iniciativa y agradecemos su labor en promover la magia de las palabras y el poder transformador de la lectura. \u00a1Seguro que han inspirado a muchos a sumergirse en el maravilloso mundo de la literatura!<\/p>\n","protected":false},"excerpt":{"rendered":"<p>Galer\u00eda de Im\u00e1genes Feria Literaria Tem\u00e1tica organizada por los alumnos del curso de profundizaci\u00f3n Taller de Literatura 2023, donde participaron grupo de estudiantes de II\u00ba Medio B y IV\u00ba Medio B Con entusiasmo y pasi\u00f3n por la literatura, los estudiantes llevaron a cabo una emocionante exposici\u00f3n de diversas tem\u00e1ticas literarias en esta incre\u00edble Feria. Cada &hellip;<\/p>\n<p class=\"read-more\"> <a class=\"\" href=\"https:\/\/colegiosanlorenzo.cl\/index.php\/2023\/04\/26\/feria-del-libro-taller-de-literatura\/\"> <span class=\"screen-reader-text\">Feria Literaria Tem\u00e1tica<\/span> Leer m\u00e1s \u00bb<\/a><\/p>\n","protected":false},"author":5,"featured_media":4968,"comment_status":"closed","ping_status":"closed","sticky":false,"template":"","format":"standard","meta":{"site-sidebar-layout":"default","site-content-layout":"","ast-site-content-layout":"","site-content-style":"default","site-sidebar-style":"default","ast-global-header-display":"","ast-banner-title-visibility":"","ast-main-header-display":"","ast-hfb-above-header-display":"","ast-hfb-below-header-display":"","ast-hfb-mobile-header-display":"","site-post-title":"","ast-breadcrumbs-content":"","ast-featured-img":"","footer-sml-layout":"","theme-transparent-header-meta":"","adv-header-id-meta":"","stick-header-meta":"","header-above-stick-meta":"","header-main-stick-meta":"","header-below-stick-meta":"","astra-migrate-meta-layouts":"","_jetpack_memberships_contains_paid_content":false,"footnotes":""},"categories":[10],"tags":[],"class_list":["post-4967","post","type-post","status-publish","format-standard","has-post-thumbnail","hentry","category-noticias"],"yoast_head":"<!-- This site is optimized with the Yoast SEO plugin v23.9 - https:\/\/yoast.com\/wordpress\/plugins\/seo\/ -->\n<title>Feria Literaria Tem\u00e1tica - colegiosanlorenzo.cl<\/title>\n<meta name=\"robots\" content=\"index, follow, max-snippet:-1, max-image-preview:large, max-video-preview:-1\" \/>\n<link rel=\"canonical\" href=\"https:\/\/colegiosanlorenzo.cl\/index.php\/2023\/04\/26\/feria-del-libro-taller-de-literatura\/\" \/>\n<meta property=\"og:locale\" content=\"es_ES\" \/>\n<meta property=\"og:type\" content=\"article\" \/>\n<meta property=\"og:title\" content=\"Feria Literaria Tem\u00e1tica - colegiosanlorenzo.cl\" \/>\n<meta property=\"og:description\" content=\"Galer\u00eda de Im\u00e1genes Feria Literaria Tem\u00e1tica organizada por los alumnos del curso de profundizaci\u00f3n Taller de Literatura 2023, donde participaron grupo de estudiantes de II\u00ba Medio B y IV\u00ba Medio B Con entusiasmo y pasi\u00f3n por la literatura, los estudiantes llevaron a cabo una emocionante exposici\u00f3n de diversas tem\u00e1ticas literarias en esta incre\u00edble Feria. Cada &hellip; Feria Literaria Tem\u00e1tica Leer m\u00e1s \u00bb\" \/>\n<meta property=\"og:url\" content=\"https:\/\/colegiosanlorenzo.cl\/index.php\/2023\/04\/26\/feria-del-libro-taller-de-literatura\/\" \/>\n<meta property=\"og:site_name\" content=\"colegiosanlorenzo.cl\" \/>\n<meta property=\"article:published_time\" content=\"2023-04-26T22:00:00+00:00\" \/>\n<meta property=\"article:modified_time\" content=\"2023-07-26T20:06:30+00:00\" \/>\n<meta property=\"og:image\" content=\"https:\/\/colegiosanlorenzo.cl\/wp-content\/uploads\/2023\/05\/feria_libro.jpg\" \/>\n\t<meta property=\"og:image:width\" content=\"500\" \/>\n\t<meta property=\"og:image:height\" content=\"300\" \/>\n\t<meta property=\"og:image:type\" content=\"image\/jpeg\" \/>\n<meta name=\"author\" content=\"Colegio San Lorenzo\" \/>\n<meta name=\"twitter:card\" content=\"summary_large_image\" \/>\n<meta name=\"twitter:label1\" content=\"Escrito por\" \/>\n\t<meta name=\"twitter:data1\" content=\"Colegio San Lorenzo\" \/>\n\t<meta name=\"twitter:label2\" content=\"Tiempo de lectura\" \/>\n\t<meta name=\"twitter:data2\" content=\"2 minutos\" \/>\n<script type=\"application\/ld+json\" class=\"yoast-schema-graph\">{\"@context\":\"https:\/\/schema.org\",\"@graph\":[{\"@type\":\"Article\",\"@id\":\"https:\/\/colegiosanlorenzo.cl\/index.php\/2023\/04\/26\/feria-del-libro-taller-de-literatura\/#article\",\"isPartOf\":{\"@id\":\"https:\/\/colegiosanlorenzo.cl\/index.php\/2023\/04\/26\/feria-del-libro-taller-de-literatura\/\"},\"author\":{\"name\":\"Colegio San Lorenzo\",\"@id\":\"https:\/\/colegiosanlorenzo.cl\/#\/schema\/person\/d2249737c9fea8f9242775704142d998\"},\"headline\":\"Feria Literaria Tem\u00e1tica\",\"datePublished\":\"2023-04-26T22:00:00+00:00\",\"dateModified\":\"2023-07-26T20:06:30+00:00\",\"mainEntityOfPage\":{\"@id\":\"https:\/\/colegiosanlorenzo.cl\/index.php\/2023\/04\/26\/feria-del-libro-taller-de-literatura\/\"},\"wordCount\":268,\"publisher\":{\"@id\":\"https:\/\/colegiosanlorenzo.cl\/#organization\"},\"image\":{\"@id\":\"https:\/\/colegiosanlorenzo.cl\/index.php\/2023\/04\/26\/feria-del-libro-taller-de-literatura\/#primaryimage\"},\"thumbnailUrl\":\"https:\/\/i0.wp.com\/colegiosanlorenzo.cl\/wp-content\/uploads\/2023\/05\/feria_libro.jpg?fit=500%2C300&ssl=1\",\"articleSection\":[\"Noticias\"],\"inLanguage\":\"es\"},{\"@type\":\"WebPage\",\"@id\":\"https:\/\/colegiosanlorenzo.cl\/index.php\/2023\/04\/26\/feria-del-libro-taller-de-literatura\/\",\"url\":\"https:\/\/colegiosanlorenzo.cl\/index.php\/2023\/04\/26\/feria-del-libro-taller-de-literatura\/\",\"name\":\"Feria Literaria Tem\u00e1tica - colegiosanlorenzo.cl\",\"isPartOf\":{\"@id\":\"https:\/\/colegiosanlorenzo.cl\/#website\"},\"primaryImageOfPage\":{\"@id\":\"https:\/\/colegiosanlorenzo.cl\/index.php\/2023\/04\/26\/feria-del-libro-taller-de-literatura\/#primaryimage\"},\"image\":{\"@id\":\"https:\/\/colegiosanlorenzo.cl\/index.php\/2023\/04\/26\/feria-del-libro-taller-de-literatura\/#primaryimage\"},\"thumbnailUrl\":\"https:\/\/i0.wp.com\/colegiosanlorenzo.cl\/wp-content\/uploads\/2023\/05\/feria_libro.jpg?fit=500%2C300&ssl=1\",\"datePublished\":\"2023-04-26T22:00:00+00:00\",\"dateModified\":\"2023-07-26T20:06:30+00:00\",\"breadcrumb\":{\"@id\":\"https:\/\/colegiosanlorenzo.cl\/index.php\/2023\/04\/26\/feria-del-libro-taller-de-literatura\/#breadcrumb\"},\"inLanguage\":\"es\",\"potentialAction\":[{\"@type\":\"ReadAction\",\"target\":[\"https:\/\/colegiosanlorenzo.cl\/index.php\/2023\/04\/26\/feria-del-libro-taller-de-literatura\/\"]}]},{\"@type\":\"ImageObject\",\"inLanguage\":\"es\",\"@id\":\"https:\/\/colegiosanlorenzo.cl\/index.php\/2023\/04\/26\/feria-del-libro-taller-de-literatura\/#primaryimage\",\"url\":\"https:\/\/i0.wp.com\/colegiosanlorenzo.cl\/wp-content\/uploads\/2023\/05\/feria_libro.jpg?fit=500%2C300&ssl=1\",\"contentUrl\":\"https:\/\/i0.wp.com\/colegiosanlorenzo.cl\/wp-content\/uploads\/2023\/05\/feria_libro.jpg?fit=500%2C300&ssl=1\",\"width\":500,\"height\":300},{\"@type\":\"BreadcrumbList\",\"@id\":\"https:\/\/colegiosanlorenzo.cl\/index.php\/2023\/04\/26\/feria-del-libro-taller-de-literatura\/#breadcrumb\",\"itemListElement\":[{\"@type\":\"ListItem\",\"position\":1,\"name\":\"Home\",\"item\":\"https:\/\/colegiosanlorenzo.cl\/\"},{\"@type\":\"ListItem\",\"position\":2,\"name\":\"Feria Literaria Tem\u00e1tica\"}]},{\"@type\":\"WebSite\",\"@id\":\"https:\/\/colegiosanlorenzo.cl\/#website\",\"url\":\"https:\/\/colegiosanlorenzo.cl\/\",\"name\":\"colegiosanlorenzo.cl\",\"description\":\"Colegio San Lorenzo\",\"publisher\":{\"@id\":\"https:\/\/colegiosanlorenzo.cl\/#organization\"},\"potentialAction\":[{\"@type\":\"SearchAction\",\"target\":{\"@type\":\"EntryPoint\",\"urlTemplate\":\"https:\/\/colegiosanlorenzo.cl\/?s={search_term_string}\"},\"query-input\":{\"@type\":\"PropertyValueSpecification\",\"valueRequired\":true,\"valueName\":\"search_term_string\"}}],\"inLanguage\":\"es\"},{\"@type\":\"Organization\",\"@id\":\"https:\/\/colegiosanlorenzo.cl\/#organization\",\"name\":\"Colegio San Lorenzo de Copiap\u00f3\",\"alternateName\":\"CSL Copiap\u00f3\",\"url\":\"https:\/\/colegiosanlorenzo.cl\/\",\"logo\":{\"@type\":\"ImageObject\",\"inLanguage\":\"es\",\"@id\":\"https:\/\/colegiosanlorenzo.cl\/#\/schema\/logo\/image\/\",\"url\":\"https:\/\/i0.wp.com\/colegiosanlorenzo.cl\/wp-content\/uploads\/2020\/02\/logo_csl.png?fit=512%2C512&ssl=1\",\"contentUrl\":\"https:\/\/i0.wp.com\/colegiosanlorenzo.cl\/wp-content\/uploads\/2020\/02\/logo_csl.png?fit=512%2C512&ssl=1\",\"width\":512,\"height\":512,\"caption\":\"Colegio San Lorenzo de Copiap\u00f3\"},\"image\":{\"@id\":\"https:\/\/colegiosanlorenzo.cl\/#\/schema\/logo\/image\/\"}},{\"@type\":\"Person\",\"@id\":\"https:\/\/colegiosanlorenzo.cl\/#\/schema\/person\/d2249737c9fea8f9242775704142d998\",\"name\":\"Colegio San Lorenzo\",\"image\":{\"@type\":\"ImageObject\",\"inLanguage\":\"es\",\"@id\":\"https:\/\/colegiosanlorenzo.cl\/#\/schema\/person\/image\/\",\"url\":\"https:\/\/secure.gravatar.com\/avatar\/1ed1c020cefe59358fa44f0d701a39ceb2368130b52f38b002cfe035dc24fddf?s=96&d=mm&r=g\",\"contentUrl\":\"https:\/\/secure.gravatar.com\/avatar\/1ed1c020cefe59358fa44f0d701a39ceb2368130b52f38b002cfe035dc24fddf?s=96&d=mm&r=g\",\"caption\":\"Colegio San Lorenzo\"},\"url\":\"https:\/\/colegiosanlorenzo.cl\/index.php\/author\/roxana-rojas\/\"}]}<\/script>\n<!-- \/ Yoast SEO plugin. -->","yoast_head_json":{"title":"Feria Literaria Tem\u00e1tica - colegiosanlorenzo.cl","robots":{"index":"index","follow":"follow","max-snippet":"max-snippet:-1","max-image-preview":"max-image-preview:large","max-video-preview":"max-video-preview:-1"},"canonical":"https:\/\/colegiosanlorenzo.cl\/index.php\/2023\/04\/26\/feria-del-libro-taller-de-literatura\/","og_locale":"es_ES","og_type":"article","og_title":"Feria Literaria Tem\u00e1tica - colegiosanlorenzo.cl","og_description":"Galer\u00eda de Im\u00e1genes Feria Literaria Tem\u00e1tica organizada por los alumnos del curso de profundizaci\u00f3n Taller de Literatura 2023, donde participaron grupo de estudiantes de II\u00ba Medio B y IV\u00ba Medio B Con entusiasmo y pasi\u00f3n por la literatura, los estudiantes llevaron a cabo una emocionante exposici\u00f3n de diversas tem\u00e1ticas literarias en esta incre\u00edble Feria. Cada &hellip; Feria Literaria Tem\u00e1tica Leer m\u00e1s \u00bb","og_url":"https:\/\/colegiosanlorenzo.cl\/index.php\/2023\/04\/26\/feria-del-libro-taller-de-literatura\/","og_site_name":"colegiosanlorenzo.cl","article_published_time":"2023-04-26T22:00:00+00:00","article_modified_time":"2023-07-26T20:06:30+00:00","og_image":[{"width":500,"height":300,"url":"https:\/\/colegiosanlorenzo.cl\/wp-content\/uploads\/2023\/05\/feria_libro.jpg","type":"image\/jpeg"}],"author":"Colegio San Lorenzo","twitter_card":"summary_large_image","twitter_misc":{"Escrito por":"Colegio San Lorenzo","Tiempo de lectura":"2 minutos"},"schema":{"@context":"https:\/\/schema.org","@graph":[{"@type":"Article","@id":"https:\/\/colegiosanlorenzo.cl\/index.php\/2023\/04\/26\/feria-del-libro-taller-de-literatura\/#article","isPartOf":{"@id":"https:\/\/colegiosanlorenzo.cl\/index.php\/2023\/04\/26\/feria-del-libro-taller-de-literatura\/"},"author":{"name":"Colegio San Lorenzo","@id":"https:\/\/colegiosanlorenzo.cl\/#\/schema\/person\/d2249737c9fea8f9242775704142d998"},"headline":"Feria Literaria Tem\u00e1tica","datePublished":"2023-04-26T22:00:00+00:00","dateModified":"2023-07-26T20:06:30+00:00","mainEntityOfPage":{"@id":"https:\/\/colegiosanlorenzo.cl\/index.php\/2023\/04\/26\/feria-del-libro-taller-de-literatura\/"},"wordCount":268,"publisher":{"@id":"https:\/\/colegiosanlorenzo.cl\/#organization"},"image":{"@id":"https:\/\/colegiosanlorenzo.cl\/index.php\/2023\/04\/26\/feria-del-libro-taller-de-literatura\/#primaryimage"},"thumbnailUrl":"https:\/\/i0.wp.com\/colegiosanlorenzo.cl\/wp-content\/uploads\/2023\/05\/feria_libro.jpg?fit=500%2C300&ssl=1","articleSection":["Noticias"],"inLanguage":"es"},{"@type":"WebPage","@id":"https:\/\/colegiosanlorenzo.cl\/index.php\/2023\/04\/26\/feria-del-libro-taller-de-literatura\/","url":"https:\/\/colegiosanlorenzo.cl\/index.php\/2023\/04\/26\/feria-del-libro-taller-de-literatura\/","name":"Feria Literaria Tem\u00e1tica - colegiosanlorenzo.cl","isPartOf":{"@id":"https:\/\/colegiosanlorenzo.cl\/#website"},"primaryImageOfPage":{"@id":"https:\/\/colegiosanlorenzo.cl\/index.php\/2023\/04\/26\/feria-del-libro-taller-de-literatura\/#primaryimage"},"image":{"@id":"https:\/\/colegiosanlorenzo.cl\/index.php\/2023\/04\/26\/feria-del-libro-taller-de-literatura\/#primaryimage"},"thumbnailUrl":"https:\/\/i0.wp.com\/colegiosanlorenzo.cl\/wp-content\/uploads\/2023\/05\/feria_libro.jpg?fit=500%2C300&ssl=1","datePublished":"2023-04-26T22:00:00+00:00","dateModified":"2023-07-26T20:06:30+00:00","breadcrumb":{"@id":"https:\/\/colegiosanlorenzo.cl\/index.php\/2023\/04\/26\/feria-del-libro-taller-de-literatura\/#breadcrumb"},"inLanguage":"es","potentialAction":[{"@type":"ReadAction","target":["https:\/\/colegiosanlorenzo.cl\/index.php\/2023\/04\/26\/feria-del-libro-taller-de-literatura\/"]}]},{"@type":"ImageObject","inLanguage":"es","@id":"https:\/\/colegiosanlorenzo.cl\/index.php\/2023\/04\/26\/feria-del-libro-taller-de-literatura\/#primaryimage","url":"https:\/\/i0.wp.com\/colegiosanlorenzo.cl\/wp-content\/uploads\/2023\/05\/feria_libro.jpg?fit=500%2C300&ssl=1","contentUrl":"https:\/\/i0.wp.com\/colegiosanlorenzo.cl\/wp-content\/uploads\/2023\/05\/feria_libro.jpg?fit=500%2C300&ssl=1","width":500,"height":300},{"@type":"BreadcrumbList","@id":"https:\/\/colegiosanlorenzo.cl\/index.php\/2023\/04\/26\/feria-del-libro-taller-de-literatura\/#breadcrumb","itemListElement":[{"@type":"ListItem","position":1,"name":"Home","item":"https:\/\/colegiosanlorenzo.cl\/"},{"@type":"ListItem","position":2,"name":"Feria Literaria Tem\u00e1tica"}]},{"@type":"WebSite","@id":"https:\/\/colegiosanlorenzo.cl\/#website","url":"https:\/\/colegiosanlorenzo.cl\/","name":"colegiosanlorenzo.cl","description":"Colegio San Lorenzo","publisher":{"@id":"https:\/\/colegiosanlorenzo.cl\/#organization"},"potentialAction":[{"@type":"SearchAction","target":{"@type":"EntryPoint","urlTemplate":"https:\/\/colegiosanlorenzo.cl\/?s={search_term_string}"},"query-input":{"@type":"PropertyValueSpecification","valueRequired":true,"valueName":"search_term_string"}}],"inLanguage":"es"},{"@type":"Organization","@id":"https:\/\/colegiosanlorenzo.cl\/#organization","name":"Colegio San Lorenzo de Copiap\u00f3","alternateName":"CSL Copiap\u00f3","url":"https:\/\/colegiosanlorenzo.cl\/","logo":{"@type":"ImageObject","inLanguage":"es","@id":"https:\/\/colegiosanlorenzo.cl\/#\/schema\/logo\/image\/","url":"https:\/\/i0.wp.com\/colegiosanlorenzo.cl\/wp-content\/uploads\/2020\/02\/logo_csl.png?fit=512%2C512&ssl=1","contentUrl":"https:\/\/i0.wp.com\/colegiosanlorenzo.cl\/wp-content\/uploads\/2020\/02\/logo_csl.png?fit=512%2C512&ssl=1","width":512,"height":512,"caption":"Colegio San Lorenzo de Copiap\u00f3"},"image":{"@id":"https:\/\/colegiosanlorenzo.cl\/#\/schema\/logo\/image\/"}},{"@type":"Person","@id":"https:\/\/colegiosanlorenzo.cl\/#\/schema\/person\/d2249737c9fea8f9242775704142d998","name":"Colegio San Lorenzo","image":{"@type":"ImageObject","inLanguage":"es","@id":"https:\/\/colegiosanlorenzo.cl\/#\/schema\/person\/image\/","url":"https:\/\/secure.gravatar.com\/avatar\/1ed1c020cefe59358fa44f0d701a39ceb2368130b52f38b002cfe035dc24fddf?s=96&d=mm&r=g","contentUrl":"https:\/\/secure.gravatar.com\/avatar\/1ed1c020cefe59358fa44f0d701a39ceb2368130b52f38b002cfe035dc24fddf?s=96&d=mm&r=g","caption":"Colegio San Lorenzo"},"url":"https:\/\/colegiosanlorenzo.cl\/index.php\/author\/roxana-rojas\/"}]}},"jetpack_sharing_enabled":true,"jetpack_featured_media_url":"https:\/\/i0.wp.com\/colegiosanlorenzo.cl\/wp-content\/uploads\/2023\/05\/feria_libro.jpg?fit=500%2C300&ssl=1","_links":{"self":[{"href":"https:\/\/colegiosanlorenzo.cl\/index.php\/wp-json\/wp\/v2\/posts\/4967","targetHints":{"allow":["GET"]}}],"collection":[{"href":"https:\/\/colegiosanlorenzo.cl\/index.php\/wp-json\/wp\/v2\/posts"}],"about":[{"href":"https:\/\/colegiosanlorenzo.cl\/index.php\/wp-json\/wp\/v2\/types\/post"}],"author":[{"embeddable":true,"href":"https:\/\/colegiosanlorenzo.cl\/index.php\/wp-json\/wp\/v2\/users\/5"}],"replies":[{"embeddable":true,"href":"https:\/\/colegiosanlorenzo.cl\/index.php\/wp-json\/wp\/v2\/comments?post=4967"}],"version-history":[{"count":0,"href":"https:\/\/colegiosanlorenzo.cl\/index.php\/wp-json\/wp\/v2\/posts\/4967\/revisions"}],"wp:featuredmedia":[{"embeddable":true,"href":"https:\/\/colegiosanlorenzo.cl\/index.php\/wp-json\/wp\/v2\/media\/4968"}],"wp:attachment":[{"href":"https:\/\/colegiosanlorenzo.cl\/index.php\/wp-json\/wp\/v2\/media?parent=4967"}],"wp:term":[{"taxonomy":"category","embeddable":true,"href":"https:\/\/colegiosanlorenzo.cl\/index.php\/wp-json\/wp\/v2\/categories?post=4967"},{"taxonomy":"post_tag","embeddable":true,"href":"https:\/\/colegiosanlorenzo.cl\/index.php\/wp-json\/wp\/v2\/tags?post=4967"}],"curies":[{"name":"wp","href":"https:\/\/api.w.org\/{rel}","templated":true}]}}