{"id":6083,"date":"2023-07-26T20:41:41","date_gmt":"2023-07-26T20:41:41","guid":{"rendered":"https:\/\/colegiosanlorenzo.cl\/?p=6083"},"modified":"2023-08-01T14:48:18","modified_gmt":"2023-08-01T14:48:18","slug":"jornada-iiieros-medios-tejiendo-lazos-construyendo-en-armonia","status":"publish","type":"post","link":"https:\/\/colegiosanlorenzo.cl\/index.php\/2023\/07\/26\/jornada-iiieros-medios-tejiendo-lazos-construyendo-en-armonia\/","title":{"rendered":"Jornada IIIeros Medios \u00abTejiendo Lazos, Construyendo en Armon\u00eda\u00bb Viernes 21 de Julio"},"content":{"rendered":"\n<p><a href=\"https:\/\/drive.google.com\/drive\/folders\/131aa6p5hfrC1rukhUuvHm8HmYVgM1u06?usp=drive_link\" target=\"_blank\" rel=\"noreferrer noopener\">Galeria de Im\u00e1genes<\/a><\/p>\n\n\n\n<p>El pasado viernes 21 de julio, el Colegio llev\u00f3 a cabo la jornada taller de III\u00ba Medios<strong> \u00abTejiendo Lazos, Construyendo en Armon\u00eda\u00bb<\/strong>, con la tem\u00e1tica principal centrada en el \u00abBullying (acoso escolar) y Ciberbullying\u00bb. Durante la actividad, los estudiantes participaron en diversas tareas l\u00fadicas que les permitieron abordar el tema de manera interactiva y reflexiva. Adem\u00e1s, se organiz\u00f3 un enriquecedor conversatorio donde los j\u00f3venes compartieron sus experiencias y temores relacionados con el acoso escolar, lo que propici\u00f3 la construcci\u00f3n de lazos m\u00e1s s\u00f3lidos entre los compa\u00f1eros de generaci\u00f3n. La jornada fue considerada un \u00e9xito, ya que no solo se promovi\u00f3 la sensibilizaci\u00f3n sobre el tema, sino que tambi\u00e9n se foment\u00f3 un ambiente de armon\u00eda y apoyo en el contexto educativo.<\/p>\n\n\n\n<p>En resumen, la jornada taller sobre bullying y ciberbullying fue una oportunidad valiosa para que los estudiantes de tercer a\u00f1o medio se acercaran a un tema relevante y actual. A trav\u00e9s de actividades l\u00fadicas y un conversatorio enriquecedor, se generar\u00f3 un espacio donde los j\u00f3venes compartieron sus inquietudes, temores y vivencias, consolidando as\u00ed lazos afectivos entre ellos y fomentando un ambiente de armon\u00eda en la comunidad educativa.<\/p>\n\n\n\n<figure class=\"wp-block-image size-large\"><img data-recalc-dims=\"1\" fetchpriority=\"high\" decoding=\"async\" width=\"1024\" height=\"576\" src=\"https:\/\/i0.wp.com\/colegiosanlorenzo.cl\/wp-content\/uploads\/2023\/08\/IMG_7828.jpg?resize=1024%2C576&#038;ssl=1\" alt=\"\" class=\"wp-image-6147\" srcset=\"https:\/\/i0.wp.com\/colegiosanlorenzo.cl\/wp-content\/uploads\/2023\/08\/IMG_7828-scaled.jpg?resize=1024%2C576&amp;ssl=1 1024w, https:\/\/i0.wp.com\/colegiosanlorenzo.cl\/wp-content\/uploads\/2023\/08\/IMG_7828-scaled.jpg?resize=300%2C169&amp;ssl=1 300w, https:\/\/i0.wp.com\/colegiosanlorenzo.cl\/wp-content\/uploads\/2023\/08\/IMG_7828-scaled.jpg?resize=768%2C432&amp;ssl=1 768w, https:\/\/i0.wp.com\/colegiosanlorenzo.cl\/wp-content\/uploads\/2023\/08\/IMG_7828-scaled.jpg?resize=1536%2C864&amp;ssl=1 1536w, https:\/\/i0.wp.com\/colegiosanlorenzo.cl\/wp-content\/uploads\/2023\/08\/IMG_7828-scaled.jpg?resize=2048%2C1152&amp;ssl=1 2048w\" sizes=\"(max-width: 1000px) 100vw, 1000px\" \/><\/figure>\n\n\n\n<figure class=\"wp-block-image size-large\"><img data-recalc-dims=\"1\" decoding=\"async\" width=\"1024\" height=\"576\" src=\"https:\/\/i0.wp.com\/colegiosanlorenzo.cl\/wp-content\/uploads\/2023\/08\/IMG_7886.jpg?resize=1024%2C576&#038;ssl=1\" alt=\"\" class=\"wp-image-6148\" srcset=\"https:\/\/i0.wp.com\/colegiosanlorenzo.cl\/wp-content\/uploads\/2023\/08\/IMG_7886-scaled.jpg?resize=1024%2C576&amp;ssl=1 1024w, https:\/\/i0.wp.com\/colegiosanlorenzo.cl\/wp-content\/uploads\/2023\/08\/IMG_7886-scaled.jpg?resize=300%2C169&amp;ssl=1 300w, https:\/\/i0.wp.com\/colegiosanlorenzo.cl\/wp-content\/uploads\/2023\/08\/IMG_7886-scaled.jpg?resize=768%2C432&amp;ssl=1 768w, https:\/\/i0.wp.com\/colegiosanlorenzo.cl\/wp-content\/uploads\/2023\/08\/IMG_7886-scaled.jpg?resize=1536%2C864&amp;ssl=1 1536w, https:\/\/i0.wp.com\/colegiosanlorenzo.cl\/wp-content\/uploads\/2023\/08\/IMG_7886-scaled.jpg?resize=2048%2C1152&amp;ssl=1 2048w\" sizes=\"(max-width: 1000px) 100vw, 1000px\" \/><\/figure>\n\n\n\n<figure class=\"wp-block-image size-large\"><img data-recalc-dims=\"1\" decoding=\"async\" width=\"1024\" height=\"576\" src=\"https:\/\/i0.wp.com\/colegiosanlorenzo.cl\/wp-content\/uploads\/2023\/08\/IMG_7899.jpg?resize=1024%2C576&#038;ssl=1\" alt=\"\" class=\"wp-image-6150\" srcset=\"https:\/\/i0.wp.com\/colegiosanlorenzo.cl\/wp-content\/uploads\/2023\/08\/IMG_7899-scaled.jpg?resize=1024%2C576&amp;ssl=1 1024w, https:\/\/i0.wp.com\/colegiosanlorenzo.cl\/wp-content\/uploads\/2023\/08\/IMG_7899-scaled.jpg?resize=300%2C169&amp;ssl=1 300w, https:\/\/i0.wp.com\/colegiosanlorenzo.cl\/wp-content\/uploads\/2023\/08\/IMG_7899-scaled.jpg?resize=768%2C432&amp;ssl=1 768w, https:\/\/i0.wp.com\/colegiosanlorenzo.cl\/wp-content\/uploads\/2023\/08\/IMG_7899-scaled.jpg?resize=1536%2C864&amp;ssl=1 1536w, https:\/\/i0.wp.com\/colegiosanlorenzo.cl\/wp-content\/uploads\/2023\/08\/IMG_7899-scaled.jpg?resize=2048%2C1152&amp;ssl=1 2048w\" sizes=\"(max-width: 1000px) 100vw, 1000px\" \/><\/figure>\n","protected":false},"excerpt":{"rendered":"<p>Galeria de Im\u00e1genes El pasado viernes 21 de julio, el Colegio llev\u00f3 a cabo la jornada taller de III\u00ba Medios \u00abTejiendo Lazos, Construyendo en Armon\u00eda\u00bb, con la tem\u00e1tica principal centrada en el \u00abBullying (acoso escolar) y Ciberbullying\u00bb. Durante la actividad, los estudiantes participaron en diversas tareas l\u00fadicas que les permitieron abordar el tema de manera &hellip;<\/p>\n<p class=\"read-more\"> <a class=\"\" href=\"https:\/\/colegiosanlorenzo.cl\/index.php\/2023\/07\/26\/jornada-iiieros-medios-tejiendo-lazos-construyendo-en-armonia\/\"> <span class=\"screen-reader-text\">Jornada IIIeros Medios \u00abTejiendo Lazos, Construyendo en Armon\u00eda\u00bb Viernes 21 de Julio<\/span> Leer m\u00e1s \u00bb<\/a><\/p>\n","protected":false},"author":5,"featured_media":6084,"comment_status":"closed","ping_status":"closed","sticky":false,"template":"","format":"standard","meta":{"site-sidebar-layout":"default","site-content-layout":"","ast-site-content-layout":"","site-content-style":"default","site-sidebar-style":"default","ast-global-header-display":"","ast-banner-title-visibility":"","ast-main-header-display":"","ast-hfb-above-header-display":"","ast-hfb-below-header-display":"","ast-hfb-mobile-header-display":"","site-post-title":"","ast-breadcrumbs-content":"","ast-featured-img":"","footer-sml-layout":"","theme-transparent-header-meta":"","adv-header-id-meta":"","stick-header-meta":"","header-above-stick-meta":"","header-main-stick-meta":"","header-below-stick-meta":"","astra-migrate-meta-layouts":"","_jetpack_memberships_contains_paid_content":false,"footnotes":""},"categories":[17,10,14],"tags":[],"class_list":["post-6083","post","type-post","status-publish","format-standard","has-post-thumbnail","hentry","category-convivencia-escolar","category-noticias","category-orientacion"],"yoast_head":"<!-- This site is optimized with the Yoast SEO plugin v23.9 - https:\/\/yoast.com\/wordpress\/plugins\/seo\/ -->\n<title>Jornada IIIeros Medios &quot;Tejiendo Lazos, Construyendo en Armon\u00eda&quot; Viernes 21 de Julio - colegiosanlorenzo.cl<\/title>\n<meta name=\"robots\" content=\"index, follow, max-snippet:-1, max-image-preview:large, max-video-preview:-1\" \/>\n<link rel=\"canonical\" href=\"https:\/\/colegiosanlorenzo.cl\/index.php\/2023\/07\/26\/jornada-iiieros-medios-tejiendo-lazos-construyendo-en-armonia\/\" \/>\n<meta property=\"og:locale\" content=\"es_ES\" \/>\n<meta property=\"og:type\" content=\"article\" \/>\n<meta property=\"og:title\" content=\"Jornada IIIeros Medios &quot;Tejiendo Lazos, Construyendo en Armon\u00eda&quot; Viernes 21 de Julio - colegiosanlorenzo.cl\" \/>\n<meta property=\"og:description\" content=\"Galeria de Im\u00e1genes El pasado viernes 21 de julio, el Colegio llev\u00f3 a cabo la jornada taller de III\u00ba Medios \u00abTejiendo Lazos, Construyendo en Armon\u00eda\u00bb, con la tem\u00e1tica principal centrada en el \u00abBullying (acoso escolar) y Ciberbullying\u00bb. Durante la actividad, los estudiantes participaron en diversas tareas l\u00fadicas que les permitieron abordar el tema de manera &hellip; Jornada IIIeros Medios \u00abTejiendo Lazos, Construyendo en Armon\u00eda\u00bb Viernes 21 de Julio Leer m\u00e1s \u00bb\" \/>\n<meta property=\"og:url\" content=\"https:\/\/colegiosanlorenzo.cl\/index.php\/2023\/07\/26\/jornada-iiieros-medios-tejiendo-lazos-construyendo-en-armonia\/\" \/>\n<meta property=\"og:site_name\" content=\"colegiosanlorenzo.cl\" \/>\n<meta property=\"article:published_time\" content=\"2023-07-26T20:41:41+00:00\" \/>\n<meta property=\"article:modified_time\" content=\"2023-08-01T14:48:18+00:00\" \/>\n<meta property=\"og:image\" content=\"https:\/\/colegiosanlorenzo.cl\/wp-content\/uploads\/2023\/07\/jornada_III.jpg\" \/>\n\t<meta property=\"og:image:width\" content=\"500\" \/>\n\t<meta property=\"og:image:height\" content=\"300\" \/>\n\t<meta property=\"og:image:type\" content=\"image\/jpeg\" \/>\n<meta name=\"author\" content=\"Colegio San Lorenzo\" \/>\n<meta name=\"twitter:card\" content=\"summary_large_image\" \/>\n<meta name=\"twitter:label1\" content=\"Escrito por\" \/>\n\t<meta name=\"twitter:data1\" content=\"Colegio San Lorenzo\" \/>\n\t<meta name=\"twitter:label2\" content=\"Tiempo de lectura\" \/>\n\t<meta name=\"twitter:data2\" content=\"2 minutos\" \/>\n<script type=\"application\/ld+json\" class=\"yoast-schema-graph\">{\"@context\":\"https:\/\/schema.org\",\"@graph\":[{\"@type\":\"Article\",\"@id\":\"https:\/\/colegiosanlorenzo.cl\/index.php\/2023\/07\/26\/jornada-iiieros-medios-tejiendo-lazos-construyendo-en-armonia\/#article\",\"isPartOf\":{\"@id\":\"https:\/\/colegiosanlorenzo.cl\/index.php\/2023\/07\/26\/jornada-iiieros-medios-tejiendo-lazos-construyendo-en-armonia\/\"},\"author\":{\"name\":\"Colegio San Lorenzo\",\"@id\":\"https:\/\/colegiosanlorenzo.cl\/#\/schema\/person\/d2249737c9fea8f9242775704142d998\"},\"headline\":\"Jornada IIIeros Medios \u00abTejiendo Lazos, Construyendo en Armon\u00eda\u00bb Viernes 21 de Julio\",\"datePublished\":\"2023-07-26T20:41:41+00:00\",\"dateModified\":\"2023-08-01T14:48:18+00:00\",\"mainEntityOfPage\":{\"@id\":\"https:\/\/colegiosanlorenzo.cl\/index.php\/2023\/07\/26\/jornada-iiieros-medios-tejiendo-lazos-construyendo-en-armonia\/\"},\"wordCount\":220,\"publisher\":{\"@id\":\"https:\/\/colegiosanlorenzo.cl\/#organization\"},\"image\":{\"@id\":\"https:\/\/colegiosanlorenzo.cl\/index.php\/2023\/07\/26\/jornada-iiieros-medios-tejiendo-lazos-construyendo-en-armonia\/#primaryimage\"},\"thumbnailUrl\":\"https:\/\/i0.wp.com\/colegiosanlorenzo.cl\/wp-content\/uploads\/2023\/07\/jornada_III.jpg?fit=500%2C300&ssl=1\",\"articleSection\":[\"Convivencia Escolar\",\"Noticias\",\"Orientaci\u00f3n\"],\"inLanguage\":\"es\"},{\"@type\":\"WebPage\",\"@id\":\"https:\/\/colegiosanlorenzo.cl\/index.php\/2023\/07\/26\/jornada-iiieros-medios-tejiendo-lazos-construyendo-en-armonia\/\",\"url\":\"https:\/\/colegiosanlorenzo.cl\/index.php\/2023\/07\/26\/jornada-iiieros-medios-tejiendo-lazos-construyendo-en-armonia\/\",\"name\":\"Jornada IIIeros Medios \\\"Tejiendo Lazos, Construyendo en Armon\u00eda\\\" Viernes 21 de Julio - colegiosanlorenzo.cl\",\"isPartOf\":{\"@id\":\"https:\/\/colegiosanlorenzo.cl\/#website\"},\"primaryImageOfPage\":{\"@id\":\"https:\/\/colegiosanlorenzo.cl\/index.php\/2023\/07\/26\/jornada-iiieros-medios-tejiendo-lazos-construyendo-en-armonia\/#primaryimage\"},\"image\":{\"@id\":\"https:\/\/colegiosanlorenzo.cl\/index.php\/2023\/07\/26\/jornada-iiieros-medios-tejiendo-lazos-construyendo-en-armonia\/#primaryimage\"},\"thumbnailUrl\":\"https:\/\/i0.wp.com\/colegiosanlorenzo.cl\/wp-content\/uploads\/2023\/07\/jornada_III.jpg?fit=500%2C300&ssl=1\",\"datePublished\":\"2023-07-26T20:41:41+00:00\",\"dateModified\":\"2023-08-01T14:48:18+00:00\",\"breadcrumb\":{\"@id\":\"https:\/\/colegiosanlorenzo.cl\/index.php\/2023\/07\/26\/jornada-iiieros-medios-tejiendo-lazos-construyendo-en-armonia\/#breadcrumb\"},\"inLanguage\":\"es\",\"potentialAction\":[{\"@type\":\"ReadAction\",\"target\":[\"https:\/\/colegiosanlorenzo.cl\/index.php\/2023\/07\/26\/jornada-iiieros-medios-tejiendo-lazos-construyendo-en-armonia\/\"]}]},{\"@type\":\"ImageObject\",\"inLanguage\":\"es\",\"@id\":\"https:\/\/colegiosanlorenzo.cl\/index.php\/2023\/07\/26\/jornada-iiieros-medios-tejiendo-lazos-construyendo-en-armonia\/#primaryimage\",\"url\":\"https:\/\/i0.wp.com\/colegiosanlorenzo.cl\/wp-content\/uploads\/2023\/07\/jornada_III.jpg?fit=500%2C300&ssl=1\",\"contentUrl\":\"https:\/\/i0.wp.com\/colegiosanlorenzo.cl\/wp-content\/uploads\/2023\/07\/jornada_III.jpg?fit=500%2C300&ssl=1\",\"width\":500,\"height\":300},{\"@type\":\"BreadcrumbList\",\"@id\":\"https:\/\/colegiosanlorenzo.cl\/index.php\/2023\/07\/26\/jornada-iiieros-medios-tejiendo-lazos-construyendo-en-armonia\/#breadcrumb\",\"itemListElement\":[{\"@type\":\"ListItem\",\"position\":1,\"name\":\"Home\",\"item\":\"https:\/\/colegiosanlorenzo.cl\/\"},{\"@type\":\"ListItem\",\"position\":2,\"name\":\"Jornada IIIeros Medios &#8220;Tejiendo Lazos, Construyendo en Armon\u00eda&#8221; Viernes 21 de Julio\"}]},{\"@type\":\"WebSite\",\"@id\":\"https:\/\/colegiosanlorenzo.cl\/#website\",\"url\":\"https:\/\/colegiosanlorenzo.cl\/\",\"name\":\"colegiosanlorenzo.cl\",\"description\":\"Colegio San Lorenzo\",\"publisher\":{\"@id\":\"https:\/\/colegiosanlorenzo.cl\/#organization\"},\"potentialAction\":[{\"@type\":\"SearchAction\",\"target\":{\"@type\":\"EntryPoint\",\"urlTemplate\":\"https:\/\/colegiosanlorenzo.cl\/?s={search_term_string}\"},\"query-input\":{\"@type\":\"PropertyValueSpecification\",\"valueRequired\":true,\"valueName\":\"search_term_string\"}}],\"inLanguage\":\"es\"},{\"@type\":\"Organization\",\"@id\":\"https:\/\/colegiosanlorenzo.cl\/#organization\",\"name\":\"Colegio San Lorenzo de Copiap\u00f3\",\"alternateName\":\"CSL Copiap\u00f3\",\"url\":\"https:\/\/colegiosanlorenzo.cl\/\",\"logo\":{\"@type\":\"ImageObject\",\"inLanguage\":\"es\",\"@id\":\"https:\/\/colegiosanlorenzo.cl\/#\/schema\/logo\/image\/\",\"url\":\"https:\/\/i0.wp.com\/colegiosanlorenzo.cl\/wp-content\/uploads\/2020\/02\/logo_csl.png?fit=512%2C512&ssl=1\",\"contentUrl\":\"https:\/\/i0.wp.com\/colegiosanlorenzo.cl\/wp-content\/uploads\/2020\/02\/logo_csl.png?fit=512%2C512&ssl=1\",\"width\":512,\"height\":512,\"caption\":\"Colegio San Lorenzo de Copiap\u00f3\"},\"image\":{\"@id\":\"https:\/\/colegiosanlorenzo.cl\/#\/schema\/logo\/image\/\"}},{\"@type\":\"Person\",\"@id\":\"https:\/\/colegiosanlorenzo.cl\/#\/schema\/person\/d2249737c9fea8f9242775704142d998\",\"name\":\"Colegio San Lorenzo\",\"image\":{\"@type\":\"ImageObject\",\"inLanguage\":\"es\",\"@id\":\"https:\/\/colegiosanlorenzo.cl\/#\/schema\/person\/image\/\",\"url\":\"https:\/\/secure.gravatar.com\/avatar\/1ed1c020cefe59358fa44f0d701a39ceb2368130b52f38b002cfe035dc24fddf?s=96&d=mm&r=g\",\"contentUrl\":\"https:\/\/secure.gravatar.com\/avatar\/1ed1c020cefe59358fa44f0d701a39ceb2368130b52f38b002cfe035dc24fddf?s=96&d=mm&r=g\",\"caption\":\"Colegio San Lorenzo\"},\"url\":\"https:\/\/colegiosanlorenzo.cl\/index.php\/author\/roxana-rojas\/\"}]}<\/script>\n<!-- \/ Yoast SEO plugin. -->","yoast_head_json":{"title":"Jornada IIIeros Medios \"Tejiendo Lazos, Construyendo en Armon\u00eda\" Viernes 21 de Julio - colegiosanlorenzo.cl","robots":{"index":"index","follow":"follow","max-snippet":"max-snippet:-1","max-image-preview":"max-image-preview:large","max-video-preview":"max-video-preview:-1"},"canonical":"https:\/\/colegiosanlorenzo.cl\/index.php\/2023\/07\/26\/jornada-iiieros-medios-tejiendo-lazos-construyendo-en-armonia\/","og_locale":"es_ES","og_type":"article","og_title":"Jornada IIIeros Medios \"Tejiendo Lazos, Construyendo en Armon\u00eda\" Viernes 21 de Julio - colegiosanlorenzo.cl","og_description":"Galeria de Im\u00e1genes El pasado viernes 21 de julio, el Colegio llev\u00f3 a cabo la jornada taller de III\u00ba Medios \u00abTejiendo Lazos, Construyendo en Armon\u00eda\u00bb, con la tem\u00e1tica principal centrada en el \u00abBullying (acoso escolar) y Ciberbullying\u00bb. Durante la actividad, los estudiantes participaron en diversas tareas l\u00fadicas que les permitieron abordar el tema de manera &hellip; Jornada IIIeros Medios \u00abTejiendo Lazos, Construyendo en Armon\u00eda\u00bb Viernes 21 de Julio Leer m\u00e1s \u00bb","og_url":"https:\/\/colegiosanlorenzo.cl\/index.php\/2023\/07\/26\/jornada-iiieros-medios-tejiendo-lazos-construyendo-en-armonia\/","og_site_name":"colegiosanlorenzo.cl","article_published_time":"2023-07-26T20:41:41+00:00","article_modified_time":"2023-08-01T14:48:18+00:00","og_image":[{"width":500,"height":300,"url":"https:\/\/colegiosanlorenzo.cl\/wp-content\/uploads\/2023\/07\/jornada_III.jpg","type":"image\/jpeg"}],"author":"Colegio San Lorenzo","twitter_card":"summary_large_image","twitter_misc":{"Escrito por":"Colegio San Lorenzo","Tiempo de lectura":"2 minutos"},"schema":{"@context":"https:\/\/schema.org","@graph":[{"@type":"Article","@id":"https:\/\/colegiosanlorenzo.cl\/index.php\/2023\/07\/26\/jornada-iiieros-medios-tejiendo-lazos-construyendo-en-armonia\/#article","isPartOf":{"@id":"https:\/\/colegiosanlorenzo.cl\/index.php\/2023\/07\/26\/jornada-iiieros-medios-tejiendo-lazos-construyendo-en-armonia\/"},"author":{"name":"Colegio San Lorenzo","@id":"https:\/\/colegiosanlorenzo.cl\/#\/schema\/person\/d2249737c9fea8f9242775704142d998"},"headline":"Jornada IIIeros Medios \u00abTejiendo Lazos, Construyendo en Armon\u00eda\u00bb Viernes 21 de Julio","datePublished":"2023-07-26T20:41:41+00:00","dateModified":"2023-08-01T14:48:18+00:00","mainEntityOfPage":{"@id":"https:\/\/colegiosanlorenzo.cl\/index.php\/2023\/07\/26\/jornada-iiieros-medios-tejiendo-lazos-construyendo-en-armonia\/"},"wordCount":220,"publisher":{"@id":"https:\/\/colegiosanlorenzo.cl\/#organization"},"image":{"@id":"https:\/\/colegiosanlorenzo.cl\/index.php\/2023\/07\/26\/jornada-iiieros-medios-tejiendo-lazos-construyendo-en-armonia\/#primaryimage"},"thumbnailUrl":"https:\/\/i0.wp.com\/colegiosanlorenzo.cl\/wp-content\/uploads\/2023\/07\/jornada_III.jpg?fit=500%2C300&ssl=1","articleSection":["Convivencia Escolar","Noticias","Orientaci\u00f3n"],"inLanguage":"es"},{"@type":"WebPage","@id":"https:\/\/colegiosanlorenzo.cl\/index.php\/2023\/07\/26\/jornada-iiieros-medios-tejiendo-lazos-construyendo-en-armonia\/","url":"https:\/\/colegiosanlorenzo.cl\/index.php\/2023\/07\/26\/jornada-iiieros-medios-tejiendo-lazos-construyendo-en-armonia\/","name":"Jornada IIIeros Medios \"Tejiendo Lazos, Construyendo en Armon\u00eda\" Viernes 21 de Julio - colegiosanlorenzo.cl","isPartOf":{"@id":"https:\/\/colegiosanlorenzo.cl\/#website"},"primaryImageOfPage":{"@id":"https:\/\/colegiosanlorenzo.cl\/index.php\/2023\/07\/26\/jornada-iiieros-medios-tejiendo-lazos-construyendo-en-armonia\/#primaryimage"},"image":{"@id":"https:\/\/colegiosanlorenzo.cl\/index.php\/2023\/07\/26\/jornada-iiieros-medios-tejiendo-lazos-construyendo-en-armonia\/#primaryimage"},"thumbnailUrl":"https:\/\/i0.wp.com\/colegiosanlorenzo.cl\/wp-content\/uploads\/2023\/07\/jornada_III.jpg?fit=500%2C300&ssl=1","datePublished":"2023-07-26T20:41:41+00:00","dateModified":"2023-08-01T14:48:18+00:00","breadcrumb":{"@id":"https:\/\/colegiosanlorenzo.cl\/index.php\/2023\/07\/26\/jornada-iiieros-medios-tejiendo-lazos-construyendo-en-armonia\/#breadcrumb"},"inLanguage":"es","potentialAction":[{"@type":"ReadAction","target":["https:\/\/colegiosanlorenzo.cl\/index.php\/2023\/07\/26\/jornada-iiieros-medios-tejiendo-lazos-construyendo-en-armonia\/"]}]},{"@type":"ImageObject","inLanguage":"es","@id":"https:\/\/colegiosanlorenzo.cl\/index.php\/2023\/07\/26\/jornada-iiieros-medios-tejiendo-lazos-construyendo-en-armonia\/#primaryimage","url":"https:\/\/i0.wp.com\/colegiosanlorenzo.cl\/wp-content\/uploads\/2023\/07\/jornada_III.jpg?fit=500%2C300&ssl=1","contentUrl":"https:\/\/i0.wp.com\/colegiosanlorenzo.cl\/wp-content\/uploads\/2023\/07\/jornada_III.jpg?fit=500%2C300&ssl=1","width":500,"height":300},{"@type":"BreadcrumbList","@id":"https:\/\/colegiosanlorenzo.cl\/index.php\/2023\/07\/26\/jornada-iiieros-medios-tejiendo-lazos-construyendo-en-armonia\/#breadcrumb","itemListElement":[{"@type":"ListItem","position":1,"name":"Home","item":"https:\/\/colegiosanlorenzo.cl\/"},{"@type":"ListItem","position":2,"name":"Jornada IIIeros Medios &#8220;Tejiendo Lazos, Construyendo en Armon\u00eda&#8221; Viernes 21 de Julio"}]},{"@type":"WebSite","@id":"https:\/\/colegiosanlorenzo.cl\/#website","url":"https:\/\/colegiosanlorenzo.cl\/","name":"colegiosanlorenzo.cl","description":"Colegio San Lorenzo","publisher":{"@id":"https:\/\/colegiosanlorenzo.cl\/#organization"},"potentialAction":[{"@type":"SearchAction","target":{"@type":"EntryPoint","urlTemplate":"https:\/\/colegiosanlorenzo.cl\/?s={search_term_string}"},"query-input":{"@type":"PropertyValueSpecification","valueRequired":true,"valueName":"search_term_string"}}],"inLanguage":"es"},{"@type":"Organization","@id":"https:\/\/colegiosanlorenzo.cl\/#organization","name":"Colegio San Lorenzo de Copiap\u00f3","alternateName":"CSL Copiap\u00f3","url":"https:\/\/colegiosanlorenzo.cl\/","logo":{"@type":"ImageObject","inLanguage":"es","@id":"https:\/\/colegiosanlorenzo.cl\/#\/schema\/logo\/image\/","url":"https:\/\/i0.wp.com\/colegiosanlorenzo.cl\/wp-content\/uploads\/2020\/02\/logo_csl.png?fit=512%2C512&ssl=1","contentUrl":"https:\/\/i0.wp.com\/colegiosanlorenzo.cl\/wp-content\/uploads\/2020\/02\/logo_csl.png?fit=512%2C512&ssl=1","width":512,"height":512,"caption":"Colegio San Lorenzo de Copiap\u00f3"},"image":{"@id":"https:\/\/colegiosanlorenzo.cl\/#\/schema\/logo\/image\/"}},{"@type":"Person","@id":"https:\/\/colegiosanlorenzo.cl\/#\/schema\/person\/d2249737c9fea8f9242775704142d998","name":"Colegio San Lorenzo","image":{"@type":"ImageObject","inLanguage":"es","@id":"https:\/\/colegiosanlorenzo.cl\/#\/schema\/person\/image\/","url":"https:\/\/secure.gravatar.com\/avatar\/1ed1c020cefe59358fa44f0d701a39ceb2368130b52f38b002cfe035dc24fddf?s=96&d=mm&r=g","contentUrl":"https:\/\/secure.gravatar.com\/avatar\/1ed1c020cefe59358fa44f0d701a39ceb2368130b52f38b002cfe035dc24fddf?s=96&d=mm&r=g","caption":"Colegio San Lorenzo"},"url":"https:\/\/colegiosanlorenzo.cl\/index.php\/author\/roxana-rojas\/"}]}},"jetpack_sharing_enabled":true,"jetpack_featured_media_url":"https:\/\/i0.wp.com\/colegiosanlorenzo.cl\/wp-content\/uploads\/2023\/07\/jornada_III.jpg?fit=500%2C300&ssl=1","_links":{"self":[{"href":"https:\/\/colegiosanlorenzo.cl\/index.php\/wp-json\/wp\/v2\/posts\/6083","targetHints":{"allow":["GET"]}}],"collection":[{"href":"https:\/\/colegiosanlorenzo.cl\/index.php\/wp-json\/wp\/v2\/posts"}],"about":[{"href":"https:\/\/colegiosanlorenzo.cl\/index.php\/wp-json\/wp\/v2\/types\/post"}],"author":[{"embeddable":true,"href":"https:\/\/colegiosanlorenzo.cl\/index.php\/wp-json\/wp\/v2\/users\/5"}],"replies":[{"embeddable":true,"href":"https:\/\/colegiosanlorenzo.cl\/index.php\/wp-json\/wp\/v2\/comments?post=6083"}],"version-history":[{"count":0,"href":"https:\/\/colegiosanlorenzo.cl\/index.php\/wp-json\/wp\/v2\/posts\/6083\/revisions"}],"wp:featuredmedia":[{"embeddable":true,"href":"https:\/\/colegiosanlorenzo.cl\/index.php\/wp-json\/wp\/v2\/media\/6084"}],"wp:attachment":[{"href":"https:\/\/colegiosanlorenzo.cl\/index.php\/wp-json\/wp\/v2\/media?parent=6083"}],"wp:term":[{"taxonomy":"category","embeddable":true,"href":"https:\/\/colegiosanlorenzo.cl\/index.php\/wp-json\/wp\/v2\/categories?post=6083"},{"taxonomy":"post_tag","embeddable":true,"href":"https:\/\/colegiosanlorenzo.cl\/index.php\/wp-json\/wp\/v2\/tags?post=6083"}],"curies":[{"name":"wp","href":"https:\/\/api.w.org\/{rel}","templated":true}]}}