{"id":7028,"date":"2023-12-16T15:00:00","date_gmt":"2023-12-16T15:00:00","guid":{"rendered":"https:\/\/colegiosanlorenzo.cl\/?p=7028"},"modified":"2023-12-18T15:35:38","modified_gmt":"2023-12-18T15:35:38","slug":"campamento-de-verano-scouts","status":"publish","type":"post","link":"https:\/\/colegiosanlorenzo.cl\/index.php\/2023\/12\/16\/campamento-de-verano-scouts\/","title":{"rendered":"Campamento de Verano Grupo Scout Colegio San Lorenzo"},"content":{"rendered":"\n<p><a href=\"https:\/\/drive.google.com\/drive\/folders\/1DerJQsFd65OJaxXZcLCmk-DmkGUP85iq?usp=sharing\">Ver Galer\u00eda de Im\u00e1gen<\/a><a href=\"https:\/\/drive.google.com\/drive\/folders\/1DerJQsFd65OJaxXZcLCmk-DmkGUP85iq?usp=sharing\" target=\"_blank\" rel=\"noreferrer noopener\">es<\/a><\/p>\n\n\n\n<p>Estimados miembros de la comunidad Educativa Colegio San Lorenzo &#8211; En especial a los miembros del Grupo Scout.<\/p>\n\n\n\n<p>Es un placer dirigirme a ustedes en esta ocasi\u00f3n para compartir nuestras reflexiones sobre el reciente campamento que tuvo lugar en el pueblo de Alto del Carmen entre los d\u00edas 14 al 16 de diciembre y agradecer la confianza depositada en nuestros dirigentes.<\/p>\n\n\n\n<p>Nos complace informarles que el campamento transcurri\u00f3 de manera sumamente satisfactoria, rescatando y fortaleciendo valiosas tradiciones que, lamentablemente, se encontraban relegadas en el pasado. Actividades emblem\u00e1ticas como el \u00abkumbaya\u00bb, caminatas extremas, renovaci\u00f3n de promesas, etapas, entre otras, fueron reintegradas a nuestro programa, contribuyendo as\u00ed a la formaci\u00f3n integral de nuestros j\u00f3venes Scouts.<\/p>\n\n\n\n<p>Es de destacar que, con diligencia y compromiso, logramos llevar a cabo todas las actividades planificadas, alcanzando con \u00e9xito los objetivos propuestos. La actitud ejemplar y excelente comportamiento de la mayor\u00eda de nuestras alumnas y alumnos merece especial reconocimiento, lo cual nos alegra y enorgullece.<\/p>\n\n\n\n<p>La experiencia vivida en el campamento ha dejado una impronta significativa en el desarrollo personal y grupal de nuestros Scouts.<\/p>\n\n\n\n<p>Quisiera resaltar que el entorno del campamento fue id\u00f3neo, caracterizado por su belleza natural, limpieza y la atenci\u00f3n cuidadosa que recibimos. Este factor, combinado con la ejecuci\u00f3n exitosa de nuestras actividades, contribuy\u00f3 a que la experiencia fuera memorable para todos los participantes.<\/p>\n\n\n\n<p>Agradecemos a cada uno de ustedes por su compromiso y dedicaci\u00f3n, y confiamos en que esta experiencia fortalezca a\u00fan m\u00e1s el esp\u00edritu scout que nos caracteriza.<\/p>\n\n\n\n<p>Con el deseo de continuar viviendo experiencias enriquecedoras juntos, les saluda atentamente.<\/p>\n\n\n\n<p>\u201cDejemos el mundo mejor como lo encontramos\u201d SRBP<\/p>\n\n\n\n<p><strong>Felipe j. V\u00e1squez Moya &#8211; AKELA<br>Responsable Grupo Scout CSL<\/strong><\/p>\n","protected":false},"excerpt":{"rendered":"<p>Ver Galer\u00eda de Im\u00e1genes Estimados miembros de la comunidad Educativa Colegio San Lorenzo &#8211; En especial a los miembros del Grupo Scout. Es un placer dirigirme a ustedes en esta ocasi\u00f3n para compartir nuestras reflexiones sobre el reciente campamento que tuvo lugar en el pueblo de Alto del Carmen entre los d\u00edas 14 al 16 &hellip;<\/p>\n<p class=\"read-more\"> <a class=\"\" href=\"https:\/\/colegiosanlorenzo.cl\/index.php\/2023\/12\/16\/campamento-de-verano-scouts\/\"> <span class=\"screen-reader-text\">Campamento de Verano Grupo Scout Colegio San Lorenzo<\/span> Leer m\u00e1s \u00bb<\/a><\/p>\n","protected":false},"author":5,"featured_media":7029,"comment_status":"closed","ping_status":"closed","sticky":false,"template":"","format":"standard","meta":{"site-sidebar-layout":"default","site-content-layout":"","ast-site-content-layout":"default","site-content-style":"default","site-sidebar-style":"default","ast-global-header-display":"","ast-banner-title-visibility":"","ast-main-header-display":"","ast-hfb-above-header-display":"","ast-hfb-below-header-display":"","ast-hfb-mobile-header-display":"","site-post-title":"","ast-breadcrumbs-content":"","ast-featured-img":"","footer-sml-layout":"","theme-transparent-header-meta":"","adv-header-id-meta":"","stick-header-meta":"","header-above-stick-meta":"","header-main-stick-meta":"","header-below-stick-meta":"","astra-migrate-meta-layouts":"set","_jetpack_memberships_contains_paid_content":false,"footnotes":""},"categories":[16,10,15],"tags":[],"class_list":["post-7028","post","type-post","status-publish","format-standard","has-post-thumbnail","hentry","category-extraescolar","category-noticias","category-scout"],"yoast_head":"<!-- This site is optimized with the Yoast SEO plugin v23.9 - https:\/\/yoast.com\/wordpress\/plugins\/seo\/ -->\n<title>Campamento de Verano Grupo Scout Colegio San Lorenzo - colegiosanlorenzo.cl<\/title>\n<meta name=\"robots\" content=\"index, follow, max-snippet:-1, max-image-preview:large, max-video-preview:-1\" \/>\n<link rel=\"canonical\" href=\"https:\/\/colegiosanlorenzo.cl\/index.php\/2023\/12\/16\/campamento-de-verano-scouts\/\" \/>\n<meta property=\"og:locale\" content=\"es_ES\" \/>\n<meta property=\"og:type\" content=\"article\" \/>\n<meta property=\"og:title\" content=\"Campamento de Verano Grupo Scout Colegio San Lorenzo - colegiosanlorenzo.cl\" \/>\n<meta property=\"og:description\" content=\"Ver Galer\u00eda de Im\u00e1genes Estimados miembros de la comunidad Educativa Colegio San Lorenzo &#8211; En especial a los miembros del Grupo Scout. Es un placer dirigirme a ustedes en esta ocasi\u00f3n para compartir nuestras reflexiones sobre el reciente campamento que tuvo lugar en el pueblo de Alto del Carmen entre los d\u00edas 14 al 16 &hellip; Campamento de Verano Grupo Scout Colegio San Lorenzo Leer m\u00e1s \u00bb\" \/>\n<meta property=\"og:url\" content=\"https:\/\/colegiosanlorenzo.cl\/index.php\/2023\/12\/16\/campamento-de-verano-scouts\/\" \/>\n<meta property=\"og:site_name\" content=\"colegiosanlorenzo.cl\" \/>\n<meta property=\"article:published_time\" content=\"2023-12-16T15:00:00+00:00\" \/>\n<meta property=\"article:modified_time\" content=\"2023-12-18T15:35:38+00:00\" \/>\n<meta property=\"og:image\" content=\"https:\/\/colegiosanlorenzo.cl\/wp-content\/uploads\/2023\/12\/WhatsApp-Image-2023-12-15-at-8.38.14-AM.jpeg\" \/>\n\t<meta property=\"og:image:width\" content=\"1600\" \/>\n\t<meta property=\"og:image:height\" content=\"1197\" \/>\n\t<meta property=\"og:image:type\" content=\"image\/jpeg\" \/>\n<meta name=\"author\" content=\"Colegio San Lorenzo\" \/>\n<meta name=\"twitter:card\" content=\"summary_large_image\" \/>\n<meta name=\"twitter:label1\" content=\"Escrito por\" \/>\n\t<meta name=\"twitter:data1\" content=\"Colegio San Lorenzo\" \/>\n\t<meta name=\"twitter:label2\" content=\"Tiempo de lectura\" \/>\n\t<meta name=\"twitter:data2\" content=\"2 minutos\" \/>\n<script type=\"application\/ld+json\" class=\"yoast-schema-graph\">{\"@context\":\"https:\/\/schema.org\",\"@graph\":[{\"@type\":\"Article\",\"@id\":\"https:\/\/colegiosanlorenzo.cl\/index.php\/2023\/12\/16\/campamento-de-verano-scouts\/#article\",\"isPartOf\":{\"@id\":\"https:\/\/colegiosanlorenzo.cl\/index.php\/2023\/12\/16\/campamento-de-verano-scouts\/\"},\"author\":{\"name\":\"Colegio San Lorenzo\",\"@id\":\"https:\/\/colegiosanlorenzo.cl\/#\/schema\/person\/d2249737c9fea8f9242775704142d998\"},\"headline\":\"Campamento de Verano Grupo Scout Colegio San Lorenzo\",\"datePublished\":\"2023-12-16T15:00:00+00:00\",\"dateModified\":\"2023-12-18T15:35:38+00:00\",\"mainEntityOfPage\":{\"@id\":\"https:\/\/colegiosanlorenzo.cl\/index.php\/2023\/12\/16\/campamento-de-verano-scouts\/\"},\"wordCount\":303,\"publisher\":{\"@id\":\"https:\/\/colegiosanlorenzo.cl\/#organization\"},\"image\":{\"@id\":\"https:\/\/colegiosanlorenzo.cl\/index.php\/2023\/12\/16\/campamento-de-verano-scouts\/#primaryimage\"},\"thumbnailUrl\":\"https:\/\/i0.wp.com\/colegiosanlorenzo.cl\/wp-content\/uploads\/2023\/12\/WhatsApp-Image-2023-12-15-at-8.38.14-AM.jpeg?fit=1600%2C1197&ssl=1\",\"articleSection\":[\"Extraescolar\",\"Noticias\",\"Scout\"],\"inLanguage\":\"es\"},{\"@type\":\"WebPage\",\"@id\":\"https:\/\/colegiosanlorenzo.cl\/index.php\/2023\/12\/16\/campamento-de-verano-scouts\/\",\"url\":\"https:\/\/colegiosanlorenzo.cl\/index.php\/2023\/12\/16\/campamento-de-verano-scouts\/\",\"name\":\"Campamento de Verano Grupo Scout Colegio San Lorenzo - colegiosanlorenzo.cl\",\"isPartOf\":{\"@id\":\"https:\/\/colegiosanlorenzo.cl\/#website\"},\"primaryImageOfPage\":{\"@id\":\"https:\/\/colegiosanlorenzo.cl\/index.php\/2023\/12\/16\/campamento-de-verano-scouts\/#primaryimage\"},\"image\":{\"@id\":\"https:\/\/colegiosanlorenzo.cl\/index.php\/2023\/12\/16\/campamento-de-verano-scouts\/#primaryimage\"},\"thumbnailUrl\":\"https:\/\/i0.wp.com\/colegiosanlorenzo.cl\/wp-content\/uploads\/2023\/12\/WhatsApp-Image-2023-12-15-at-8.38.14-AM.jpeg?fit=1600%2C1197&ssl=1\",\"datePublished\":\"2023-12-16T15:00:00+00:00\",\"dateModified\":\"2023-12-18T15:35:38+00:00\",\"breadcrumb\":{\"@id\":\"https:\/\/colegiosanlorenzo.cl\/index.php\/2023\/12\/16\/campamento-de-verano-scouts\/#breadcrumb\"},\"inLanguage\":\"es\",\"potentialAction\":[{\"@type\":\"ReadAction\",\"target\":[\"https:\/\/colegiosanlorenzo.cl\/index.php\/2023\/12\/16\/campamento-de-verano-scouts\/\"]}]},{\"@type\":\"ImageObject\",\"inLanguage\":\"es\",\"@id\":\"https:\/\/colegiosanlorenzo.cl\/index.php\/2023\/12\/16\/campamento-de-verano-scouts\/#primaryimage\",\"url\":\"https:\/\/i0.wp.com\/colegiosanlorenzo.cl\/wp-content\/uploads\/2023\/12\/WhatsApp-Image-2023-12-15-at-8.38.14-AM.jpeg?fit=1600%2C1197&ssl=1\",\"contentUrl\":\"https:\/\/i0.wp.com\/colegiosanlorenzo.cl\/wp-content\/uploads\/2023\/12\/WhatsApp-Image-2023-12-15-at-8.38.14-AM.jpeg?fit=1600%2C1197&ssl=1\",\"width\":1600,\"height\":1197},{\"@type\":\"BreadcrumbList\",\"@id\":\"https:\/\/colegiosanlorenzo.cl\/index.php\/2023\/12\/16\/campamento-de-verano-scouts\/#breadcrumb\",\"itemListElement\":[{\"@type\":\"ListItem\",\"position\":1,\"name\":\"Home\",\"item\":\"https:\/\/colegiosanlorenzo.cl\/\"},{\"@type\":\"ListItem\",\"position\":2,\"name\":\"Campamento de Verano Grupo Scout Colegio San Lorenzo\"}]},{\"@type\":\"WebSite\",\"@id\":\"https:\/\/colegiosanlorenzo.cl\/#website\",\"url\":\"https:\/\/colegiosanlorenzo.cl\/\",\"name\":\"colegiosanlorenzo.cl\",\"description\":\"Colegio San Lorenzo\",\"publisher\":{\"@id\":\"https:\/\/colegiosanlorenzo.cl\/#organization\"},\"potentialAction\":[{\"@type\":\"SearchAction\",\"target\":{\"@type\":\"EntryPoint\",\"urlTemplate\":\"https:\/\/colegiosanlorenzo.cl\/?s={search_term_string}\"},\"query-input\":{\"@type\":\"PropertyValueSpecification\",\"valueRequired\":true,\"valueName\":\"search_term_string\"}}],\"inLanguage\":\"es\"},{\"@type\":\"Organization\",\"@id\":\"https:\/\/colegiosanlorenzo.cl\/#organization\",\"name\":\"Colegio San Lorenzo de Copiap\u00f3\",\"alternateName\":\"CSL Copiap\u00f3\",\"url\":\"https:\/\/colegiosanlorenzo.cl\/\",\"logo\":{\"@type\":\"ImageObject\",\"inLanguage\":\"es\",\"@id\":\"https:\/\/colegiosanlorenzo.cl\/#\/schema\/logo\/image\/\",\"url\":\"https:\/\/i0.wp.com\/colegiosanlorenzo.cl\/wp-content\/uploads\/2020\/02\/logo_csl.png?fit=512%2C512&ssl=1\",\"contentUrl\":\"https:\/\/i0.wp.com\/colegiosanlorenzo.cl\/wp-content\/uploads\/2020\/02\/logo_csl.png?fit=512%2C512&ssl=1\",\"width\":512,\"height\":512,\"caption\":\"Colegio San Lorenzo de Copiap\u00f3\"},\"image\":{\"@id\":\"https:\/\/colegiosanlorenzo.cl\/#\/schema\/logo\/image\/\"}},{\"@type\":\"Person\",\"@id\":\"https:\/\/colegiosanlorenzo.cl\/#\/schema\/person\/d2249737c9fea8f9242775704142d998\",\"name\":\"Colegio San Lorenzo\",\"image\":{\"@type\":\"ImageObject\",\"inLanguage\":\"es\",\"@id\":\"https:\/\/colegiosanlorenzo.cl\/#\/schema\/person\/image\/\",\"url\":\"https:\/\/secure.gravatar.com\/avatar\/1ed1c020cefe59358fa44f0d701a39ceb2368130b52f38b002cfe035dc24fddf?s=96&d=mm&r=g\",\"contentUrl\":\"https:\/\/secure.gravatar.com\/avatar\/1ed1c020cefe59358fa44f0d701a39ceb2368130b52f38b002cfe035dc24fddf?s=96&d=mm&r=g\",\"caption\":\"Colegio San Lorenzo\"},\"url\":\"https:\/\/colegiosanlorenzo.cl\/index.php\/author\/roxana-rojas\/\"}]}<\/script>\n<!-- \/ Yoast SEO plugin. -->","yoast_head_json":{"title":"Campamento de Verano Grupo Scout Colegio San Lorenzo - colegiosanlorenzo.cl","robots":{"index":"index","follow":"follow","max-snippet":"max-snippet:-1","max-image-preview":"max-image-preview:large","max-video-preview":"max-video-preview:-1"},"canonical":"https:\/\/colegiosanlorenzo.cl\/index.php\/2023\/12\/16\/campamento-de-verano-scouts\/","og_locale":"es_ES","og_type":"article","og_title":"Campamento de Verano Grupo Scout Colegio San Lorenzo - colegiosanlorenzo.cl","og_description":"Ver Galer\u00eda de Im\u00e1genes Estimados miembros de la comunidad Educativa Colegio San Lorenzo &#8211; En especial a los miembros del Grupo Scout. Es un placer dirigirme a ustedes en esta ocasi\u00f3n para compartir nuestras reflexiones sobre el reciente campamento que tuvo lugar en el pueblo de Alto del Carmen entre los d\u00edas 14 al 16 &hellip; Campamento de Verano Grupo Scout Colegio San Lorenzo Leer m\u00e1s \u00bb","og_url":"https:\/\/colegiosanlorenzo.cl\/index.php\/2023\/12\/16\/campamento-de-verano-scouts\/","og_site_name":"colegiosanlorenzo.cl","article_published_time":"2023-12-16T15:00:00+00:00","article_modified_time":"2023-12-18T15:35:38+00:00","og_image":[{"width":1600,"height":1197,"url":"https:\/\/colegiosanlorenzo.cl\/wp-content\/uploads\/2023\/12\/WhatsApp-Image-2023-12-15-at-8.38.14-AM.jpeg","type":"image\/jpeg"}],"author":"Colegio San Lorenzo","twitter_card":"summary_large_image","twitter_misc":{"Escrito por":"Colegio San Lorenzo","Tiempo de lectura":"2 minutos"},"schema":{"@context":"https:\/\/schema.org","@graph":[{"@type":"Article","@id":"https:\/\/colegiosanlorenzo.cl\/index.php\/2023\/12\/16\/campamento-de-verano-scouts\/#article","isPartOf":{"@id":"https:\/\/colegiosanlorenzo.cl\/index.php\/2023\/12\/16\/campamento-de-verano-scouts\/"},"author":{"name":"Colegio San Lorenzo","@id":"https:\/\/colegiosanlorenzo.cl\/#\/schema\/person\/d2249737c9fea8f9242775704142d998"},"headline":"Campamento de Verano Grupo Scout Colegio San Lorenzo","datePublished":"2023-12-16T15:00:00+00:00","dateModified":"2023-12-18T15:35:38+00:00","mainEntityOfPage":{"@id":"https:\/\/colegiosanlorenzo.cl\/index.php\/2023\/12\/16\/campamento-de-verano-scouts\/"},"wordCount":303,"publisher":{"@id":"https:\/\/colegiosanlorenzo.cl\/#organization"},"image":{"@id":"https:\/\/colegiosanlorenzo.cl\/index.php\/2023\/12\/16\/campamento-de-verano-scouts\/#primaryimage"},"thumbnailUrl":"https:\/\/i0.wp.com\/colegiosanlorenzo.cl\/wp-content\/uploads\/2023\/12\/WhatsApp-Image-2023-12-15-at-8.38.14-AM.jpeg?fit=1600%2C1197&ssl=1","articleSection":["Extraescolar","Noticias","Scout"],"inLanguage":"es"},{"@type":"WebPage","@id":"https:\/\/colegiosanlorenzo.cl\/index.php\/2023\/12\/16\/campamento-de-verano-scouts\/","url":"https:\/\/colegiosanlorenzo.cl\/index.php\/2023\/12\/16\/campamento-de-verano-scouts\/","name":"Campamento de Verano Grupo Scout Colegio San Lorenzo - colegiosanlorenzo.cl","isPartOf":{"@id":"https:\/\/colegiosanlorenzo.cl\/#website"},"primaryImageOfPage":{"@id":"https:\/\/colegiosanlorenzo.cl\/index.php\/2023\/12\/16\/campamento-de-verano-scouts\/#primaryimage"},"image":{"@id":"https:\/\/colegiosanlorenzo.cl\/index.php\/2023\/12\/16\/campamento-de-verano-scouts\/#primaryimage"},"thumbnailUrl":"https:\/\/i0.wp.com\/colegiosanlorenzo.cl\/wp-content\/uploads\/2023\/12\/WhatsApp-Image-2023-12-15-at-8.38.14-AM.jpeg?fit=1600%2C1197&ssl=1","datePublished":"2023-12-16T15:00:00+00:00","dateModified":"2023-12-18T15:35:38+00:00","breadcrumb":{"@id":"https:\/\/colegiosanlorenzo.cl\/index.php\/2023\/12\/16\/campamento-de-verano-scouts\/#breadcrumb"},"inLanguage":"es","potentialAction":[{"@type":"ReadAction","target":["https:\/\/colegiosanlorenzo.cl\/index.php\/2023\/12\/16\/campamento-de-verano-scouts\/"]}]},{"@type":"ImageObject","inLanguage":"es","@id":"https:\/\/colegiosanlorenzo.cl\/index.php\/2023\/12\/16\/campamento-de-verano-scouts\/#primaryimage","url":"https:\/\/i0.wp.com\/colegiosanlorenzo.cl\/wp-content\/uploads\/2023\/12\/WhatsApp-Image-2023-12-15-at-8.38.14-AM.jpeg?fit=1600%2C1197&ssl=1","contentUrl":"https:\/\/i0.wp.com\/colegiosanlorenzo.cl\/wp-content\/uploads\/2023\/12\/WhatsApp-Image-2023-12-15-at-8.38.14-AM.jpeg?fit=1600%2C1197&ssl=1","width":1600,"height":1197},{"@type":"BreadcrumbList","@id":"https:\/\/colegiosanlorenzo.cl\/index.php\/2023\/12\/16\/campamento-de-verano-scouts\/#breadcrumb","itemListElement":[{"@type":"ListItem","position":1,"name":"Home","item":"https:\/\/colegiosanlorenzo.cl\/"},{"@type":"ListItem","position":2,"name":"Campamento de Verano Grupo Scout Colegio San Lorenzo"}]},{"@type":"WebSite","@id":"https:\/\/colegiosanlorenzo.cl\/#website","url":"https:\/\/colegiosanlorenzo.cl\/","name":"colegiosanlorenzo.cl","description":"Colegio San Lorenzo","publisher":{"@id":"https:\/\/colegiosanlorenzo.cl\/#organization"},"potentialAction":[{"@type":"SearchAction","target":{"@type":"EntryPoint","urlTemplate":"https:\/\/colegiosanlorenzo.cl\/?s={search_term_string}"},"query-input":{"@type":"PropertyValueSpecification","valueRequired":true,"valueName":"search_term_string"}}],"inLanguage":"es"},{"@type":"Organization","@id":"https:\/\/colegiosanlorenzo.cl\/#organization","name":"Colegio San Lorenzo de Copiap\u00f3","alternateName":"CSL Copiap\u00f3","url":"https:\/\/colegiosanlorenzo.cl\/","logo":{"@type":"ImageObject","inLanguage":"es","@id":"https:\/\/colegiosanlorenzo.cl\/#\/schema\/logo\/image\/","url":"https:\/\/i0.wp.com\/colegiosanlorenzo.cl\/wp-content\/uploads\/2020\/02\/logo_csl.png?fit=512%2C512&ssl=1","contentUrl":"https:\/\/i0.wp.com\/colegiosanlorenzo.cl\/wp-content\/uploads\/2020\/02\/logo_csl.png?fit=512%2C512&ssl=1","width":512,"height":512,"caption":"Colegio San Lorenzo de Copiap\u00f3"},"image":{"@id":"https:\/\/colegiosanlorenzo.cl\/#\/schema\/logo\/image\/"}},{"@type":"Person","@id":"https:\/\/colegiosanlorenzo.cl\/#\/schema\/person\/d2249737c9fea8f9242775704142d998","name":"Colegio San Lorenzo","image":{"@type":"ImageObject","inLanguage":"es","@id":"https:\/\/colegiosanlorenzo.cl\/#\/schema\/person\/image\/","url":"https:\/\/secure.gravatar.com\/avatar\/1ed1c020cefe59358fa44f0d701a39ceb2368130b52f38b002cfe035dc24fddf?s=96&d=mm&r=g","contentUrl":"https:\/\/secure.gravatar.com\/avatar\/1ed1c020cefe59358fa44f0d701a39ceb2368130b52f38b002cfe035dc24fddf?s=96&d=mm&r=g","caption":"Colegio San Lorenzo"},"url":"https:\/\/colegiosanlorenzo.cl\/index.php\/author\/roxana-rojas\/"}]}},"jetpack_sharing_enabled":true,"jetpack_featured_media_url":"https:\/\/i0.wp.com\/colegiosanlorenzo.cl\/wp-content\/uploads\/2023\/12\/WhatsApp-Image-2023-12-15-at-8.38.14-AM.jpeg?fit=1600%2C1197&ssl=1","_links":{"self":[{"href":"https:\/\/colegiosanlorenzo.cl\/index.php\/wp-json\/wp\/v2\/posts\/7028","targetHints":{"allow":["GET"]}}],"collection":[{"href":"https:\/\/colegiosanlorenzo.cl\/index.php\/wp-json\/wp\/v2\/posts"}],"about":[{"href":"https:\/\/colegiosanlorenzo.cl\/index.php\/wp-json\/wp\/v2\/types\/post"}],"author":[{"embeddable":true,"href":"https:\/\/colegiosanlorenzo.cl\/index.php\/wp-json\/wp\/v2\/users\/5"}],"replies":[{"embeddable":true,"href":"https:\/\/colegiosanlorenzo.cl\/index.php\/wp-json\/wp\/v2\/comments?post=7028"}],"version-history":[{"count":0,"href":"https:\/\/colegiosanlorenzo.cl\/index.php\/wp-json\/wp\/v2\/posts\/7028\/revisions"}],"wp:featuredmedia":[{"embeddable":true,"href":"https:\/\/colegiosanlorenzo.cl\/index.php\/wp-json\/wp\/v2\/media\/7029"}],"wp:attachment":[{"href":"https:\/\/colegiosanlorenzo.cl\/index.php\/wp-json\/wp\/v2\/media?parent=7028"}],"wp:term":[{"taxonomy":"category","embeddable":true,"href":"https:\/\/colegiosanlorenzo.cl\/index.php\/wp-json\/wp\/v2\/categories?post=7028"},{"taxonomy":"post_tag","embeddable":true,"href":"https:\/\/colegiosanlorenzo.cl\/index.php\/wp-json\/wp\/v2\/tags?post=7028"}],"curies":[{"name":"wp","href":"https:\/\/api.w.org\/{rel}","templated":true}]}}